{"id":2139,"date":"2015-09-26T20:00:00","date_gmt":"2015-09-26T20:00:00","guid":{"rendered":"https:\/\/saloanoticias.mrmediaweb.com\/v1\/2015\/09\/26\/mais-um-dia-triste-para-os-saloaenses\/"},"modified":"2015-09-26T20:00:00","modified_gmt":"2015-09-26T20:00:00","slug":"mais-um-dia-triste-para-os-saloaenses","status":"publish","type":"post","link":"https:\/\/www.saloanoticias.com\/v1\/mais-um-dia-triste-para-os-saloaenses\/","title":{"rendered":"MAIS UM DIA TRISTE PARA OS SALOAENSES"},"content":{"rendered":"<p align=\"justify\"><font size=\"3\" face=\"Arial\"><a href=\"http:\/\/www.saloanoticias.com\/images\/img_3057_d7815939ced19cfc326fcd44ee1d70e4.jpg\"><img loading=\"lazy\" decoding=\"async\" title=\"IMG_3057\" style=\"border-top: 0px; border-right: 0px; background-image: none; border-bottom: 0px; float: none; padding-top: 0px; padding-left: 0px; margin: 0px auto 10px; border-left: 0px; display: block; padding-right: 0px\" border=\"0\" alt=\"IMG_3057\" src=\"http:\/\/www.saloanoticias.com\/v1\/wp-content\/uploads\/imagens\/img_3057_thumb_3358af204dced28ff10a6012b66cc881.jpg\" width=\"630\" height=\"428\"><\/a>Sem sobra de d\u00favida este foi mais um dia de muita tristeza para as fam\u00edlias saloaenses e paranatamenses, quando os parentes e amigos sepultaram os seus entes, v\u00edtimas de fatalidades distintas, por\u00e9m, nenhuma menos dolorosa que a outra. L\u00facia Rocha, m\u00e3e de Felipe e Priscila foi sepultada no cemit\u00e9rio da cidade de Paranatama, enquanto Jo\u00e3o de R\u00fabens, no cemit\u00e9rio de S\u00e3o Miguel em Garanhuns. Quem participou dos vel\u00f3rios viu o tamanho do sofrimento e o clima de dor dos parentes e amigos, transtornados pelas perdas.<\/font><\/p>\n<p align=\"justify\"><a href=\"http:\/\/www.saloanoticias.com\/images\/img_3059_8576ffda30de8d34cbc3ebe4e1d70bf5.jpg\"><img loading=\"lazy\" decoding=\"async\" title=\"IMG_3059\" style=\"border-top: 0px; border-right: 0px; background-image: none; border-bottom: 0px; float: none; padding-top: 0px; padding-left: 0px; margin-left: auto; border-left: 0px; display: block; padding-right: 0px; margin-right: auto\" border=\"0\" alt=\"IMG_3059\" src=\"http:\/\/www.saloanoticias.com\/v1\/wp-content\/uploads\/imagens\/img_3059_thumb_68ed44d39881d2accc50c85622e06478.jpg\" width=\"628\" height=\"403\"><\/a><\/p>\n<p align=\"justify\"><font size=\"3\" face=\"Arial\">Ficar\u00e1 somente a saudade e a dor que permanecer\u00e1 nos cora\u00e7\u00f5es por muito tempo. Em ambos os vel\u00f3rios era grande a quantidade de pessoas solid\u00e1rias aos sofrimentos, todos lamentando a partida precoce tanto de Jo\u00e3o quanto de L\u00facia. Na primeira imagem vemos a multid\u00e3o cercando o caix\u00e3o de L\u00facia de Tonho de Ciada, e na segunda a multid\u00e3o dando o \u00faltimo adeus a Jo\u00e3o de R\u00fabens. Jo\u00e3o foi velado no s\u00edtio Maciel enquanto L\u00facia no s\u00edtio Catimbau. Oremos pelos familiares e que Deus coloque os mortos em um bom lugar.<\/font><\/p>\n<div style=\"margin-top: 0px; margin-bottom: 0px;\" class=\"sharethis-inline-share-buttons\" ><\/div>","protected":false},"excerpt":{"rendered":"<p>Sem sobra de d\u00favida este foi mais um dia de muita tristeza para as fam\u00edlias saloaenses e paranatamenses, quando os parentes e amigos sepultaram os seus entes, v\u00edtimas de fatalidades distintas, por\u00e9m, nenhuma menos dolorosa que a outra. L\u00facia Rocha, m\u00e3e de Felipe e Priscila foi sepultada no cemit\u00e9rio da cidade de Paranatama, enquanto Jo\u00e3o [&hellip;]<\/p>\n","protected":false},"author":1,"featured_media":0,"comment_status":"open","ping_status":"open","sticky":false,"template":"","format":"standard","meta":{"footnotes":""},"categories":[2],"tags":[],"class_list":["post-2139","post","type-post","status-publish","format-standard","hentry","category-noticias-do-dia"],"_links":{"self":[{"href":"https:\/\/www.saloanoticias.com\/v1\/wp-json\/wp\/v2\/posts\/2139","targetHints":{"allow":["GET"]}}],"collection":[{"href":"https:\/\/www.saloanoticias.com\/v1\/wp-json\/wp\/v2\/posts"}],"about":[{"href":"https:\/\/www.saloanoticias.com\/v1\/wp-json\/wp\/v2\/types\/post"}],"author":[{"embeddable":true,"href":"https:\/\/www.saloanoticias.com\/v1\/wp-json\/wp\/v2\/users\/1"}],"replies":[{"embeddable":true,"href":"https:\/\/www.saloanoticias.com\/v1\/wp-json\/wp\/v2\/comments?post=2139"}],"version-history":[{"count":0,"href":"https:\/\/www.saloanoticias.com\/v1\/wp-json\/wp\/v2\/posts\/2139\/revisions"}],"wp:attachment":[{"href":"https:\/\/www.saloanoticias.com\/v1\/wp-json\/wp\/v2\/media?parent=2139"}],"wp:term":[{"taxonomy":"category","embeddable":true,"href":"https:\/\/www.saloanoticias.com\/v1\/wp-json\/wp\/v2\/categories?post=2139"},{"taxonomy":"post_tag","embeddable":true,"href":"https:\/\/www.saloanoticias.com\/v1\/wp-json\/wp\/v2\/tags?post=2139"}],"curies":[{"name":"wp","href":"https:\/\/api.w.org\/{rel}","templated":true}]}}