{"id":2138,"date":"2015-09-26T11:55:06","date_gmt":"2015-09-26T11:55:06","guid":{"rendered":"https:\/\/saloanoticias.mrmediaweb.com\/v1\/2015\/09\/26\/pre-congresso-de-jovens-na-assembleia-de-deus\/"},"modified":"2015-09-26T11:55:06","modified_gmt":"2015-09-26T11:55:06","slug":"pre-congresso-de-jovens-na-assembleia-de-deus","status":"publish","type":"post","link":"https:\/\/www.saloanoticias.com\/v1\/pre-congresso-de-jovens-na-assembleia-de-deus\/","title":{"rendered":"PR\u00c9-CONGRESSO DE JOVENS NA ASSEMBLEIA DE DEUS ACONTECE NESTE S\u00c1BADO (26)"},"content":{"rendered":"<p align=\"justify\"><font size=\"3\" face=\"Arial\"><a href=\"http:\/\/www.saloanoticias.com\/images\/img-20150925-wa0033_e05f094bf00ff1af21cc43109fd506ef.jpg\"><img loading=\"lazy\" decoding=\"async\" title=\"IMG-20150925-WA0033\" style=\"border-top: 0px; border-right: 0px; background-image: none; border-bottom: 0px; float: none; padding-top: 0px; padding-left: 0px; margin: 0px auto 10px; border-left: 0px; display: block; padding-right: 0px\" border=\"0\" alt=\"IMG-20150925-WA0033\" src=\"http:\/\/www.saloanoticias.com\/v1\/wp-content\/uploads\/imagens\/img-20150925-wa0033_thumb_abb58e8d9e3b902a6c146cce669e36b7.jpg\" width=\"567\" height=\"376\"><\/a>Acontecer\u00e1 logo mais \u00e0 noite, a partir das 19:00 horas, o Pr\u00e9-Congresso de Jovens da Igreja Evang\u00e9lica Assembleia de Deus na cidade de Salo\u00e1\/PE. O evento contar\u00e1 com a presen\u00e7a de v\u00e1rias mocidades vindas de cidades da regi\u00e3o e ter\u00e1 ainda a participa\u00e7\u00e3o de cantores e de um pregador especialmente convidado para ministrar a Santa Palavra de Deus. Os preparativos j\u00e1 est\u00e3o acontecendo para receber a grande quantidade de pessoas na sede da Igreja que fica na Rua Rold\u00e3o Ten\u00f3rio Cavalcante, n.\u00ba 100, no centro de Salo\u00e1.<\/font><\/p>\n<p align=\"justify\"><font size=\"3\" face=\"Arial\">Os dirigentes da mocidade convidam todos para receberem as b\u00ean\u00e7\u00e3os que ser\u00e3o derramadas pelo Senhor na noite deste s\u00e1bado. A Assembleia de Deus em Salo\u00e1 tem a dire\u00e7\u00e3o do pastor Ademir Barbosa e a presid\u00eancia do pastor Ailton Jos\u00e9 Alves. Ore, divulgue e participe voc\u00ea tamb\u00e9m !<\/font><\/p>\n<div style=\"margin-top: 0px; margin-bottom: 0px;\" class=\"sharethis-inline-share-buttons\" ><\/div>","protected":false},"excerpt":{"rendered":"<p>Acontecer\u00e1 logo mais \u00e0 noite, a partir das 19:00 horas, o Pr\u00e9-Congresso de Jovens da Igreja Evang\u00e9lica Assembleia de Deus na cidade de Salo\u00e1\/PE. O evento contar\u00e1 com a presen\u00e7a de v\u00e1rias mocidades vindas de cidades da regi\u00e3o e ter\u00e1 ainda a participa\u00e7\u00e3o de cantores e de um pregador especialmente convidado para ministrar a Santa [&hellip;]<\/p>\n","protected":false},"author":1,"featured_media":0,"comment_status":"open","ping_status":"open","sticky":false,"template":"","format":"standard","meta":{"footnotes":""},"categories":[2],"tags":[],"class_list":["post-2138","post","type-post","status-publish","format-standard","hentry","category-noticias-do-dia"],"_links":{"self":[{"href":"https:\/\/www.saloanoticias.com\/v1\/wp-json\/wp\/v2\/posts\/2138","targetHints":{"allow":["GET"]}}],"collection":[{"href":"https:\/\/www.saloanoticias.com\/v1\/wp-json\/wp\/v2\/posts"}],"about":[{"href":"https:\/\/www.saloanoticias.com\/v1\/wp-json\/wp\/v2\/types\/post"}],"author":[{"embeddable":true,"href":"https:\/\/www.saloanoticias.com\/v1\/wp-json\/wp\/v2\/users\/1"}],"replies":[{"embeddable":true,"href":"https:\/\/www.saloanoticias.com\/v1\/wp-json\/wp\/v2\/comments?post=2138"}],"version-history":[{"count":0,"href":"https:\/\/www.saloanoticias.com\/v1\/wp-json\/wp\/v2\/posts\/2138\/revisions"}],"wp:attachment":[{"href":"https:\/\/www.saloanoticias.com\/v1\/wp-json\/wp\/v2\/media?parent=2138"}],"wp:term":[{"taxonomy":"category","embeddable":true,"href":"https:\/\/www.saloanoticias.com\/v1\/wp-json\/wp\/v2\/categories?post=2138"},{"taxonomy":"post_tag","embeddable":true,"href":"https:\/\/www.saloanoticias.com\/v1\/wp-json\/wp\/v2\/tags?post=2138"}],"curies":[{"name":"wp","href":"https:\/\/api.w.org\/{rel}","templated":true}]}}