{"id":2137,"date":"2015-09-25T19:33:23","date_gmt":"2015-09-25T19:33:23","guid":{"rendered":"https:\/\/saloanoticias.mrmediaweb.com\/v1\/2015\/09\/25\/outro-acidente-de-moto-em-saloa\/"},"modified":"2015-09-25T19:33:23","modified_gmt":"2015-09-25T19:33:23","slug":"outro-acidente-de-moto-em-saloa","status":"publish","type":"post","link":"https:\/\/www.saloanoticias.com\/v1\/outro-acidente-de-moto-em-saloa\/","title":{"rendered":"OUTRO ACIDENTE DE MOTO EM SALO\u00c1"},"content":{"rendered":"<p align=\"justify\"><font size=\"3\" face=\"Arial\"><a href=\"http:\/\/www.saloanoticias.com\/images\/img-20150925-wa0033.jpg\"><img loading=\"lazy\" decoding=\"async\" title=\"IMG-20150925-WA0033\" style=\"border-top: 0px; border-right: 0px; background-image: none; border-bottom: 0px; float: none; padding-top: 0px; padding-left: 0px; margin: 0px auto 10px; border-left: 0px; display: block; padding-right: 0px\" border=\"0\" alt=\"IMG-20150925-WA0033\" src=\"http:\/\/www.saloanoticias.com\/v1\/wp-content\/uploads\/imagens\/img-20150925-wa0033_thumb.jpg\" width=\"463\" height=\"451\"><\/a>Infelizmente, o dia n\u00e3o foi de boas not\u00edcias para n\u00f3s saloaenses. Come\u00e7amos informando a popula\u00e7\u00e3o sobre duas mortes de pessoas bastante queridas e agora temos a obriga\u00e7\u00e3o de comunicar mais um acidente de moto na cidade. Pelas informa\u00e7\u00f5es e fotos que recebemos pelas redes sociais, um jovem de aproximadamente 17 anos, de alcunha Sim\u00e3o, residente no Bairro Jaqueir\u00e3o (Creche), caiu de sua motocicleta e fraturou a t\u00edbia (osso da perna), isso por volta das 14:00 horas desta sexta-feira (25).<\/font><\/p>\n<p align=\"justify\"><font size=\"3\" face=\"Arial\">Ele foi socorrido pelo SAMU de Salo\u00e1 e encaminhado \u00e0 Garanhuns. <\/font><font size=\"3\" face=\"Arial\">Observem na foto que o mesmo se encontra sem capacete ou qualquer outra prote\u00e7\u00e3o e aparenta ser menor de idade. Fazemos um apelo aos condutores de moto do munic\u00edpio, que usem pelo menos capacete, pois, todos os dias milhares de pessoas morrem e outras tantas ficam gravemente feridas por n\u00e3o estar usando esse equipamento. \u00c9 lament\u00e1vel o que est\u00e1 acontecendo em Salo\u00e1.<\/font><\/p>\n<p align=\"justify\"><font size=\"3\" face=\"Arial\">A qualquer momento mais informa\u00e7\u00f5es sobre este caso. Fonte e fotos do Whatssap<\/font><\/p>\n<div style=\"margin-top: 0px; margin-bottom: 0px;\" class=\"sharethis-inline-share-buttons\" ><\/div>","protected":false},"excerpt":{"rendered":"<p>Infelizmente, o dia n\u00e3o foi de boas not\u00edcias para n\u00f3s saloaenses. Come\u00e7amos informando a popula\u00e7\u00e3o sobre duas mortes de pessoas bastante queridas e agora temos a obriga\u00e7\u00e3o de comunicar mais um acidente de moto na cidade. Pelas informa\u00e7\u00f5es e fotos que recebemos pelas redes sociais, um jovem de aproximadamente 17 anos, de alcunha Sim\u00e3o, residente [&hellip;]<\/p>\n","protected":false},"author":1,"featured_media":0,"comment_status":"open","ping_status":"open","sticky":false,"template":"","format":"standard","meta":{"footnotes":""},"categories":[2],"tags":[],"class_list":["post-2137","post","type-post","status-publish","format-standard","hentry","category-noticias-do-dia"],"_links":{"self":[{"href":"https:\/\/www.saloanoticias.com\/v1\/wp-json\/wp\/v2\/posts\/2137","targetHints":{"allow":["GET"]}}],"collection":[{"href":"https:\/\/www.saloanoticias.com\/v1\/wp-json\/wp\/v2\/posts"}],"about":[{"href":"https:\/\/www.saloanoticias.com\/v1\/wp-json\/wp\/v2\/types\/post"}],"author":[{"embeddable":true,"href":"https:\/\/www.saloanoticias.com\/v1\/wp-json\/wp\/v2\/users\/1"}],"replies":[{"embeddable":true,"href":"https:\/\/www.saloanoticias.com\/v1\/wp-json\/wp\/v2\/comments?post=2137"}],"version-history":[{"count":0,"href":"https:\/\/www.saloanoticias.com\/v1\/wp-json\/wp\/v2\/posts\/2137\/revisions"}],"wp:attachment":[{"href":"https:\/\/www.saloanoticias.com\/v1\/wp-json\/wp\/v2\/media?parent=2137"}],"wp:term":[{"taxonomy":"category","embeddable":true,"href":"https:\/\/www.saloanoticias.com\/v1\/wp-json\/wp\/v2\/categories?post=2137"},{"taxonomy":"post_tag","embeddable":true,"href":"https:\/\/www.saloanoticias.com\/v1\/wp-json\/wp\/v2\/tags?post=2137"}],"curies":[{"name":"wp","href":"https:\/\/api.w.org\/{rel}","templated":true}]}}