{"id":2136,"date":"2015-09-25T12:44:37","date_gmt":"2015-09-25T12:44:37","guid":{"rendered":"https:\/\/saloanoticias.mrmediaweb.com\/v1\/2015\/09\/25\/lucia-de-tonho-de-ciada-tambem-faleceu-na-manha-desta-sexta-feira\/"},"modified":"2015-09-25T12:44:37","modified_gmt":"2015-09-25T12:44:37","slug":"lucia-de-tonho-de-ciada-tambem-faleceu-na-manha-desta-sexta-feira","status":"publish","type":"post","link":"https:\/\/www.saloanoticias.com\/v1\/lucia-de-tonho-de-ciada-tambem-faleceu-na-manha-desta-sexta-feira\/","title":{"rendered":"L\u00daCIA DE TONHO DE CIADA TAMB\u00c9M FALECEU NA MANH\u00c3 DESTA SEXTA-FEIRA (25)"},"content":{"rendered":"<p align=\"justify\"><font size=\"3\" face=\"Arial\"><a href=\"http:\/\/www.saloanoticias.com\/images\/11036798_899107880154780_7731325760023654438_n_bfe9ff4d6c336268411a02d7843bc0dd.jpg\"><img loading=\"lazy\" decoding=\"async\" title=\"11036798_899107880154780_7731325760023654438_n\" style=\"border-top: 0px; border-right: 0px; background-image: none; border-bottom: 0px; float: left; padding-top: 0px; padding-left: 0px; margin: 5px 5px 0px 0px; border-left: 0px; display: inline; padding-right: 0px\" border=\"0\" alt=\"11036798_899107880154780_7731325760023654438_n\" src=\"http:\/\/www.saloanoticias.com\/v1\/wp-content\/uploads\/imagens\/11036798_899107880154780_7731325760023654438_n_thumb_f01ef605ce940e87d48b70f0a8312db0.jpg\" width=\"219\" align=\"left\" height=\"219\"><\/a>N\u00e3o param as tristes not\u00edcias para os moradores de Salo\u00e1\/PE. Acabamos de receber a informa\u00e7\u00e3o de que L\u00facia Rocha, esposa do saudoso Ant\u00f4nio de Ciada, morto a poucos meses, e m\u00e3e de Felipe e Priscila, faleceu a poucos minutos, v\u00edtima de um infarto fulminante. Segundo a nossa fonte, o corpo dela se encontra no necrot\u00e9rio do Hospital Josina Godoy no centro da cidade. L\u00facia era uma senhora ainda jovem e aparentava ter uma boa sa\u00fade.<\/font><\/p>\n<p align=\"justify\"><font size=\"3\" face=\"Arial\">Comenta-se que L\u00facia ficou muito emocionada ao saber da morte de Jo\u00e3o de Mirtes e veio a sofrer o infarto. Os saloaenses mais uma vez acordam de luto com essas tristes not\u00edcias. <\/font><font size=\"3\" face=\"Arial\">A qualquer momento mais informa\u00e7\u00f5es sobre a morte de L\u00facia.<\/font><\/p>\n<div style=\"margin-top: 0px; margin-bottom: 0px;\" class=\"sharethis-inline-share-buttons\" ><\/div>","protected":false},"excerpt":{"rendered":"<p>N\u00e3o param as tristes not\u00edcias para os moradores de Salo\u00e1\/PE. Acabamos de receber a informa\u00e7\u00e3o de que L\u00facia Rocha, esposa do saudoso Ant\u00f4nio de Ciada, morto a poucos meses, e m\u00e3e de Felipe e Priscila, faleceu a poucos minutos, v\u00edtima de um infarto fulminante. Segundo a nossa fonte, o corpo dela se encontra no necrot\u00e9rio [&hellip;]<\/p>\n","protected":false},"author":1,"featured_media":0,"comment_status":"open","ping_status":"open","sticky":false,"template":"","format":"standard","meta":{"footnotes":""},"categories":[2],"tags":[],"class_list":["post-2136","post","type-post","status-publish","format-standard","hentry","category-noticias-do-dia"],"_links":{"self":[{"href":"https:\/\/www.saloanoticias.com\/v1\/wp-json\/wp\/v2\/posts\/2136","targetHints":{"allow":["GET"]}}],"collection":[{"href":"https:\/\/www.saloanoticias.com\/v1\/wp-json\/wp\/v2\/posts"}],"about":[{"href":"https:\/\/www.saloanoticias.com\/v1\/wp-json\/wp\/v2\/types\/post"}],"author":[{"embeddable":true,"href":"https:\/\/www.saloanoticias.com\/v1\/wp-json\/wp\/v2\/users\/1"}],"replies":[{"embeddable":true,"href":"https:\/\/www.saloanoticias.com\/v1\/wp-json\/wp\/v2\/comments?post=2136"}],"version-history":[{"count":0,"href":"https:\/\/www.saloanoticias.com\/v1\/wp-json\/wp\/v2\/posts\/2136\/revisions"}],"wp:attachment":[{"href":"https:\/\/www.saloanoticias.com\/v1\/wp-json\/wp\/v2\/media?parent=2136"}],"wp:term":[{"taxonomy":"category","embeddable":true,"href":"https:\/\/www.saloanoticias.com\/v1\/wp-json\/wp\/v2\/categories?post=2136"},{"taxonomy":"post_tag","embeddable":true,"href":"https:\/\/www.saloanoticias.com\/v1\/wp-json\/wp\/v2\/tags?post=2136"}],"curies":[{"name":"wp","href":"https:\/\/api.w.org\/{rel}","templated":true}]}}