{"id":2135,"date":"2015-09-25T12:16:58","date_gmt":"2015-09-25T12:16:58","guid":{"rendered":"https:\/\/saloanoticias.mrmediaweb.com\/v1\/2015\/09\/25\/outro-acidente-de-moto-com-vitima-fatal-em-saloa\/"},"modified":"2015-09-25T12:16:58","modified_gmt":"2015-09-25T12:16:58","slug":"outro-acidente-de-moto-com-vitima-fatal-em-saloa","status":"publish","type":"post","link":"https:\/\/www.saloanoticias.com\/v1\/outro-acidente-de-moto-com-vitima-fatal-em-saloa\/","title":{"rendered":"JO\u00c3O DE MIRTES FALECEU EM ACIDENTE DE MOTO EM SALO\u00c1 NESTA SEXTA (25)"},"content":{"rendered":"<p align=\"justify\"><font size=\"3\" face=\"Arial\"><a href=\"http:\/\/www.saloanoticias.com\/images\/1898199_899107960154772_1402233690365493707_n_068d28acddcc62b028ed3c54630fcac5.jpg\"><img loading=\"lazy\" decoding=\"async\" title=\"1898199_899107960154772_1402233690365493707_n\" style=\"border-left-width: 0px; border-right-width: 0px; background-image: none; border-bottom-width: 0px; float: left; padding-top: 0px; padding-left: 0px; margin: 5px 5px 0px 0px; display: inline; padding-right: 0px; border-top-width: 0px\" border=\"0\" alt=\"1898199_899107960154772_1402233690365493707_n\" src=\"http:\/\/www.saloanoticias.com\/v1\/wp-content\/uploads\/imagens\/1898199_899107960154772_1402233690365493707_n_thumb_31628ec09ddbe9e43784698e7b0a6503.jpg\" width=\"169\" align=\"left\" height=\"187\"><\/a>Recebemos a informa\u00e7\u00e3o de que mais um acidente de moto com v\u00edtima fatal aconteceu no munic\u00edpio de Salo\u00e1, desta vez envolvendo o jovem Jo\u00e3o de Mirtes, irm\u00e3o de Ana Mirtes e Mirtes Sales, a Mirtinha. Pelas primeiras informa\u00e7\u00f5es repassadas ao blog, o rapaz estava em sua moto de modelo Honda Tornado, quando nas proximidades da curva dos mulungus, pr\u00f3ximo a Fazenda S\u00e3o Jo\u00e3o, no s\u00edtio Maciel, bateu em um caminh\u00e3o que estava parado na estrada sendo carregado de areia.<\/font><\/p>\n<p align=\"justify\"><font size=\"3\" face=\"Arial\">Jo\u00e3o veio a \u00f3bito na hora, no local do acidente devido a viol\u00eancia do impacto. <\/font><font size=\"3\" face=\"Arial\">Este acidente acorda a cidade de Salo\u00e1 com muita tristeza na manh\u00e3 desta sexta-feira (25). Chamamos a aten\u00e7\u00e3o mais uma vez das autoridades para que se fa\u00e7a alguma coisa, e r\u00e1pido, pois os acidentes envolvendo motociclistas s\u00e3o recorrentes e constante no munic\u00edpio. A qualquer momento mais informa\u00e7\u00f5es sobre este tr\u00e1gico fato.<\/font><\/p>\n<div style=\"margin-top: 0px; margin-bottom: 0px;\" class=\"sharethis-inline-share-buttons\" ><\/div>","protected":false},"excerpt":{"rendered":"<p>Recebemos a informa\u00e7\u00e3o de que mais um acidente de moto com v\u00edtima fatal aconteceu no munic\u00edpio de Salo\u00e1, desta vez envolvendo o jovem Jo\u00e3o de Mirtes, irm\u00e3o de Ana Mirtes e Mirtes Sales, a Mirtinha. Pelas primeiras informa\u00e7\u00f5es repassadas ao blog, o rapaz estava em sua moto de modelo Honda Tornado, quando nas proximidades da [&hellip;]<\/p>\n","protected":false},"author":1,"featured_media":0,"comment_status":"open","ping_status":"open","sticky":false,"template":"","format":"standard","meta":{"footnotes":""},"categories":[2],"tags":[],"class_list":["post-2135","post","type-post","status-publish","format-standard","hentry","category-noticias-do-dia"],"_links":{"self":[{"href":"https:\/\/www.saloanoticias.com\/v1\/wp-json\/wp\/v2\/posts\/2135","targetHints":{"allow":["GET"]}}],"collection":[{"href":"https:\/\/www.saloanoticias.com\/v1\/wp-json\/wp\/v2\/posts"}],"about":[{"href":"https:\/\/www.saloanoticias.com\/v1\/wp-json\/wp\/v2\/types\/post"}],"author":[{"embeddable":true,"href":"https:\/\/www.saloanoticias.com\/v1\/wp-json\/wp\/v2\/users\/1"}],"replies":[{"embeddable":true,"href":"https:\/\/www.saloanoticias.com\/v1\/wp-json\/wp\/v2\/comments?post=2135"}],"version-history":[{"count":0,"href":"https:\/\/www.saloanoticias.com\/v1\/wp-json\/wp\/v2\/posts\/2135\/revisions"}],"wp:attachment":[{"href":"https:\/\/www.saloanoticias.com\/v1\/wp-json\/wp\/v2\/media?parent=2135"}],"wp:term":[{"taxonomy":"category","embeddable":true,"href":"https:\/\/www.saloanoticias.com\/v1\/wp-json\/wp\/v2\/categories?post=2135"},{"taxonomy":"post_tag","embeddable":true,"href":"https:\/\/www.saloanoticias.com\/v1\/wp-json\/wp\/v2\/tags?post=2135"}],"curies":[{"name":"wp","href":"https:\/\/api.w.org\/{rel}","templated":true}]}}