{"id":2134,"date":"2015-09-28T10:00:00","date_gmt":"2015-09-28T10:00:00","guid":{"rendered":"https:\/\/saloanoticias.mrmediaweb.com\/v1\/2015\/09\/28\/pronatec-abre-cursos-em-saloa-pe\/"},"modified":"2015-09-28T10:00:00","modified_gmt":"2015-09-28T10:00:00","slug":"pronatec-abre-cursos-em-saloa-pe","status":"publish","type":"post","link":"https:\/\/www.saloanoticias.com\/v1\/pronatec-abre-cursos-em-saloa-pe\/","title":{"rendered":"PRONATEC ABRE CURSOS EM SALO\u00c1\/PE"},"content":{"rendered":"<p align=\"justify\"><font size=\"3\" face=\"Arial\"><a href=\"http:\/\/www.saloanoticias.com\/images\/dsc_8222.jpg\"><img loading=\"lazy\" decoding=\"async\" title=\"DSC_8222\" style=\"border-left-width: 0px; border-right-width: 0px; background-image: none; border-bottom-width: 0px; float: none; padding-top: 0px; padding-left: 0px; margin: 0px auto 10px; display: block; padding-right: 0px; border-top-width: 0px\" border=\"0\" alt=\"DSC_8222\" src=\"http:\/\/www.saloanoticias.com\/v1\/wp-content\/uploads\/imagens\/dsc_8222_thumb.jpg\" width=\"589\" height=\"366\"><\/a>Aconteceu na noite desta quinta-feira (24) a aula inaugural do PRONATEC na cidade de Salo\u00e1\/PE. Os cursos eram esperados a bastante tempo no munic\u00edpio, mas somente agora no governo do prefeito Ricardo Alves \u00e9 que foi implantado. Participaram da solenidade inaugural os secret\u00e1rios do munic\u00edpio, Luis Henrique e Carlos Ouro Preto, os vereadores Arnaldo Ferreira, (Ferreirinha), e Ronaldinho e dezenas de alunos que ser\u00e3o beneficiados pelos cursos. A aula inaugural aconteceu nas depend\u00eancias do CCI &#8211; Centro de Conviv\u00eancia de Idosos.<\/font><\/p>\n<p align=\"justify\"><font size=\"3\" face=\"Arial\">O PRONATEC \u00e9 formado por v\u00e1rios cursos t\u00e9cnicos e reconhecido em todo o territ\u00f3rio nacional, j\u00e1 que \u00e9 supervisionado por \u00f3rg\u00e3os do Minist\u00e9rio da Educa\u00e7\u00e3o. A dura\u00e7\u00e3o \u00e9 de aproximadamente tr\u00eas meses, e os alunos recebem um incentivo financeiro que \u00e9 pago diretamente a cada aluno que foi inscrito. Durante a solenidade de abertura, o secret\u00e1rio Carlos Ouro Preto falou da import\u00e2ncia da vinda dos cursos para Salo\u00e1\/PE. J\u00e1 o vereador Ronaldinho falou para a plateia e lembrou da necessidade de todos os alunos come\u00e7arem e terminarem os cursos.<\/font><\/p>\n<p align=\"justify\"><font size=\"3\" face=\"Arial\">Para o vereador, muitos alunos come\u00e7am os cursos e com o passar dos dias o abandonam, perdendo a oportunidade de adquirir um certificado t\u00e9cnico de bastante peso. Uma equipe de coordenadores do PRONATEC estiveram em Salo\u00e1 acompanhando este evento. Depois de formada a mesa, houve uma palestra sobre os cursos e sua import\u00e2ncia na vida das pessoas. Estiveram presentes outros setores da sociedade saloaense. <\/font><font size=\"3\" face=\"Arial\">Fotos: Jos\u00e9 Cordeiro<\/font><\/p>\n<p align=\"justify\"><a href=\"http:\/\/www.saloanoticias.com\/images\/dsc_8209.jpg\"><img loading=\"lazy\" decoding=\"async\" title=\"DSC_8209\" style=\"border-left-width: 0px; border-right-width: 0px; background-image: none; border-bottom-width: 0px; float: none; padding-top: 0px; padding-left: 0px; margin: 10px auto; display: block; padding-right: 0px; border-top-width: 0px\" border=\"0\" alt=\"DSC_8209\" src=\"http:\/\/www.saloanoticias.com\/v1\/wp-content\/uploads\/imagens\/dsc_8209_thumb.jpg\" width=\"591\" height=\"342\"><\/a><\/p>\n<p><a href=\"http:\/\/www.saloanoticias.com\/images\/dsc_8208.jpg\"><img loading=\"lazy\" decoding=\"async\" title=\"DSC_8208\" style=\"border-left-width: 0px; border-right-width: 0px; background-image: none; border-bottom-width: 0px; float: none; padding-top: 0px; padding-left: 0px; margin-left: auto; display: block; padding-right: 0px; border-top-width: 0px; margin-right: auto\" border=\"0\" alt=\"DSC_8208\" src=\"http:\/\/www.saloanoticias.com\/v1\/wp-content\/uploads\/imagens\/dsc_8208_thumb.jpg\" width=\"591\" height=\"357\"><\/a><\/p>\n<p><a href=\"http:\/\/www.saloanoticias.com\/images\/dsc_8200.jpg\"><img loading=\"lazy\" decoding=\"async\" title=\"DSC_8200\" style=\"border-left-width: 0px; border-right-width: 0px; background-image: none; border-bottom-width: 0px; float: none; padding-top: 0px; padding-left: 0px; margin-left: auto; display: block; padding-right: 0px; border-top-width: 0px; margin-right: auto\" border=\"0\" alt=\"DSC_8200\" src=\"http:\/\/www.saloanoticias.com\/v1\/wp-content\/uploads\/imagens\/dsc_8200_thumb.jpg\" width=\"591\" height=\"391\"><\/a><\/p>\n<p><a href=\"http:\/\/www.saloanoticias.com\/images\/dsc_8216.jpg\"><img loading=\"lazy\" decoding=\"async\" title=\"DSC_8216\" style=\"border-left-width: 0px; border-right-width: 0px; background-image: none; border-bottom-width: 0px; float: none; padding-top: 0px; padding-left: 0px; margin-left: auto; display: block; padding-right: 0px; border-top-width: 0px; margin-right: auto\" border=\"0\" alt=\"DSC_8216\" src=\"http:\/\/www.saloanoticias.com\/v1\/wp-content\/uploads\/imagens\/dsc_8216_thumb.jpg\" width=\"593\" height=\"336\"><\/a><\/p>\n<div style=\"margin-top: 0px; margin-bottom: 0px;\" class=\"sharethis-inline-share-buttons\" ><\/div>","protected":false},"excerpt":{"rendered":"<p>Aconteceu na noite desta quinta-feira (24) a aula inaugural do PRONATEC na cidade de Salo\u00e1\/PE. Os cursos eram esperados a bastante tempo no munic\u00edpio, mas somente agora no governo do prefeito Ricardo Alves \u00e9 que foi implantado. Participaram da solenidade inaugural os secret\u00e1rios do munic\u00edpio, Luis Henrique e Carlos Ouro Preto, os vereadores Arnaldo Ferreira, [&hellip;]<\/p>\n","protected":false},"author":1,"featured_media":0,"comment_status":"open","ping_status":"open","sticky":false,"template":"","format":"standard","meta":{"footnotes":""},"categories":[2],"tags":[],"class_list":["post-2134","post","type-post","status-publish","format-standard","hentry","category-noticias-do-dia"],"_links":{"self":[{"href":"https:\/\/www.saloanoticias.com\/v1\/wp-json\/wp\/v2\/posts\/2134","targetHints":{"allow":["GET"]}}],"collection":[{"href":"https:\/\/www.saloanoticias.com\/v1\/wp-json\/wp\/v2\/posts"}],"about":[{"href":"https:\/\/www.saloanoticias.com\/v1\/wp-json\/wp\/v2\/types\/post"}],"author":[{"embeddable":true,"href":"https:\/\/www.saloanoticias.com\/v1\/wp-json\/wp\/v2\/users\/1"}],"replies":[{"embeddable":true,"href":"https:\/\/www.saloanoticias.com\/v1\/wp-json\/wp\/v2\/comments?post=2134"}],"version-history":[{"count":0,"href":"https:\/\/www.saloanoticias.com\/v1\/wp-json\/wp\/v2\/posts\/2134\/revisions"}],"wp:attachment":[{"href":"https:\/\/www.saloanoticias.com\/v1\/wp-json\/wp\/v2\/media?parent=2134"}],"wp:term":[{"taxonomy":"category","embeddable":true,"href":"https:\/\/www.saloanoticias.com\/v1\/wp-json\/wp\/v2\/categories?post=2134"},{"taxonomy":"post_tag","embeddable":true,"href":"https:\/\/www.saloanoticias.com\/v1\/wp-json\/wp\/v2\/tags?post=2134"}],"curies":[{"name":"wp","href":"https:\/\/api.w.org\/{rel}","templated":true}]}}