{"id":2133,"date":"2015-09-25T10:00:00","date_gmt":"2015-09-25T10:00:00","guid":{"rendered":"https:\/\/saloanoticias.mrmediaweb.com\/v1\/2015\/09\/25\/caps-de-saloa-promovera-feira-de-artesanato\/"},"modified":"2015-09-25T10:00:00","modified_gmt":"2015-09-25T10:00:00","slug":"caps-de-saloa-promovera-feira-de-artesanato","status":"publish","type":"post","link":"https:\/\/www.saloanoticias.com\/v1\/caps-de-saloa-promovera-feira-de-artesanato\/","title":{"rendered":"CAPS DE SALO\u00c1 FAR\u00c1 FEIRA DE ARTESANATO"},"content":{"rendered":"<p align=\"justify\"><font size=\"3\" face=\"Arial\"><a href=\"http:\/\/www.saloanoticias.com\/images\/11036798_899107880154780_7731325760023654438_n_c783faede69273300ad4a5130041c6ee.jpg\"><img loading=\"lazy\" decoding=\"async\" title=\"11036798_899107880154780_7731325760023654438_n\" style=\"border-top: 0px; border-right: 0px; background-image: none; border-bottom: 0px; float: none; padding-top: 0px; padding-left: 0px; margin: 0px auto 10px; border-left: 0px; display: block; padding-right: 0px\" border=\"0\" alt=\"11036798_899107880154780_7731325760023654438_n\" src=\"http:\/\/www.saloanoticias.com\/v1\/wp-content\/uploads\/imagens\/11036798_899107880154780_7731325760023654438_n_thumb_e43cc254f980d2494b96c77984e02558.jpg\" width=\"593\" height=\"334\"><\/a>A equipe do CAPS I Salo\u00e1 (Centro de Aten\u00e7\u00e3o Psicossocial) convida \u00e0 popula\u00e7\u00e3o em geral \u00e0 participar da 1\u00b0 feira de produtos artesanais e pinturas em telas, produzidas pelo pr\u00f3prios usu\u00e1rios. Acontecer\u00e1 no dia 07\/10\/2015 (quarta-feira) na pra\u00e7a S\u00e3o Vicente, em frente a prefeitura municipal. A equipe do CAPS I desde j\u00e1 agradece a presen\u00e7a de todos ! O evento tem o apoio do prefeito do munic\u00edpio, Sr. Ricardo Alves, da secretaria de sa\u00fade do munic\u00edpio, Srta. Manuela Torres. Toda a equipe agradece.<\/font><\/p>\n<p align=\"justify\"><a href=\"http:\/\/www.saloanoticias.com\/images\/1898199_899107960154772_1402233690365493707_n_a48ce325b01598e1ded9d9a6ba9c2280.jpg\"><img loading=\"lazy\" decoding=\"async\" title=\"1898199_899107960154772_1402233690365493707_n\" style=\"border-top: 0px; border-right: 0px; background-image: none; border-bottom: 0px; float: none; padding-top: 0px; padding-left: 0px; margin-left: auto; border-left: 0px; display: block; padding-right: 0px; margin-right: auto\" border=\"0\" alt=\"1898199_899107960154772_1402233690365493707_n\" src=\"http:\/\/www.saloanoticias.com\/v1\/wp-content\/uploads\/imagens\/1898199_899107960154772_1402233690365493707_n_thumb_133f7492f87372728db11c228ab35f3d.jpg\" width=\"591\" height=\"444\"><\/a><\/p>\n<div style=\"margin-top: 0px; margin-bottom: 0px;\" class=\"sharethis-inline-share-buttons\" ><\/div>","protected":false},"excerpt":{"rendered":"<p>A equipe do CAPS I Salo\u00e1 (Centro de Aten\u00e7\u00e3o Psicossocial) convida \u00e0 popula\u00e7\u00e3o em geral \u00e0 participar da 1\u00b0 feira de produtos artesanais e pinturas em telas, produzidas pelo pr\u00f3prios usu\u00e1rios. Acontecer\u00e1 no dia 07\/10\/2015 (quarta-feira) na pra\u00e7a S\u00e3o Vicente, em frente a prefeitura municipal. A equipe do CAPS I desde j\u00e1 agradece a presen\u00e7a [&hellip;]<\/p>\n","protected":false},"author":1,"featured_media":0,"comment_status":"open","ping_status":"open","sticky":false,"template":"","format":"standard","meta":{"footnotes":""},"categories":[2],"tags":[],"class_list":["post-2133","post","type-post","status-publish","format-standard","hentry","category-noticias-do-dia"],"_links":{"self":[{"href":"https:\/\/www.saloanoticias.com\/v1\/wp-json\/wp\/v2\/posts\/2133","targetHints":{"allow":["GET"]}}],"collection":[{"href":"https:\/\/www.saloanoticias.com\/v1\/wp-json\/wp\/v2\/posts"}],"about":[{"href":"https:\/\/www.saloanoticias.com\/v1\/wp-json\/wp\/v2\/types\/post"}],"author":[{"embeddable":true,"href":"https:\/\/www.saloanoticias.com\/v1\/wp-json\/wp\/v2\/users\/1"}],"replies":[{"embeddable":true,"href":"https:\/\/www.saloanoticias.com\/v1\/wp-json\/wp\/v2\/comments?post=2133"}],"version-history":[{"count":0,"href":"https:\/\/www.saloanoticias.com\/v1\/wp-json\/wp\/v2\/posts\/2133\/revisions"}],"wp:attachment":[{"href":"https:\/\/www.saloanoticias.com\/v1\/wp-json\/wp\/v2\/media?parent=2133"}],"wp:term":[{"taxonomy":"category","embeddable":true,"href":"https:\/\/www.saloanoticias.com\/v1\/wp-json\/wp\/v2\/categories?post=2133"},{"taxonomy":"post_tag","embeddable":true,"href":"https:\/\/www.saloanoticias.com\/v1\/wp-json\/wp\/v2\/tags?post=2133"}],"curies":[{"name":"wp","href":"https:\/\/api.w.org\/{rel}","templated":true}]}}