{"id":2129,"date":"2015-09-23T15:22:04","date_gmt":"2015-09-23T15:22:04","guid":{"rendered":"https:\/\/saloanoticias.mrmediaweb.com\/v1\/2015\/09\/23\/prefeito-afastado-vai-ser-alvo-de-cpi\/"},"modified":"2015-09-23T15:22:04","modified_gmt":"2015-09-23T15:22:04","slug":"prefeito-afastado-vai-ser-alvo-de-cpi","status":"publish","type":"post","link":"https:\/\/www.saloanoticias.com\/v1\/prefeito-afastado-vai-ser-alvo-de-cpi\/","title":{"rendered":"PREFEITO AFASTADO VAI SER ALVO DE CPI"},"content":{"rendered":"<p align=\"justify\"><font size=\"3\" face=\"Arial\"><a href=\"http:\/\/www.saloanoticias.com\/images\/a_zsdff0_4588b6026bd2b43397b6f40624fc62c0.jpg\"><img loading=\"lazy\" decoding=\"async\" title=\"a_ZsdFF0\" style=\"border-top: 0px; border-right: 0px; background-image: none; border-bottom: 0px; float: left; padding-top: 0px; padding-left: 0px; margin: 5px 5px 0px 0px; border-left: 0px; display: inline; padding-right: 0px\" border=\"0\" alt=\"a_ZsdFF0\" src=\"http:\/\/www.saloanoticias.com\/v1\/wp-content\/uploads\/imagens\/a_zsdff0_thumb_a7b15edd8239a4aecd6455153c68feea.jpg\" width=\"240\" align=\"left\" height=\"158\"><\/a>O Prefeito de Palmeirina, Renato Sarmento (PMDB) est\u00e1 vivendo um verdadeiro inferno astral. \u00c9 que depois de ter sido afastado do cargo na \u00faltima semana por atrasar os sal\u00e1rios dos funcion\u00e1rios da Prefeitura e de ser acusado de utilizar Recursos e n\u00e3o construir Creche no valor de mais de R$ 690 mil reais, o Governante Licenciado de Palmeirina ainda ter\u00e1 que conviver com uma Comiss\u00e3o Parlamentar de Inqu\u00e9rito (CPI) e uma Auditoria Especial do Tribunal de Contas de Pernambuco. <\/font><\/p>\n<p align=\"justify\"><font size=\"3\" face=\"Arial\">\u00c9 que de acordo com informa\u00e7\u00f5es do jornalista Ronaldo C\u00e9sar, durante a sess\u00e3o realizada na noite dessa segunda-feira, dia 21, na C\u00e2mara de Palmeirina, os Vereadores aprovaram a abertura de uma Comiss\u00e3o Parlamentar de Inqu\u00e9rito (CPI) para investigar a administra\u00e7\u00e3o do prefeito afastado Renato Sarmento. A justificativa para abertura da Comiss\u00e3o foi a exist\u00eancia de supostas irregularidades em Conv\u00eanios Estaduais e Federais, firmados pela Prefeitura durante a Gest\u00e3o de Renato.<\/font> <\/p>\n<p align=\"justify\"><font size=\"3\" face=\"Arial\">J\u00e1 nesta ter\u00e7a-feira, dia 22, a Prefeita em Exerc\u00edcio de Palmeirina, a advogada Eliane Vicente esteve na sede do Tribunal de Contas do Estado (TCE), para solicitar a realiza\u00e7\u00e3o de uma Auditoria Especial nas contas daquele Munic\u00edpio. O Conselheiro Dirceu Rodolfo recepcionou a solicita\u00e7\u00e3o da Prefeita. <\/font><font face=\"Arial\"><font size=\"3\">De acordo com informa\u00e7\u00f5es publicadas no Blog do Ronaldo C\u00e9sar<b>(<\/b><\/font><\/font><a href=\"http:\/\/blogdoronaldocesar.blogspot.com\/\"><b><font size=\"3\" face=\"Arial\">http:\/\/blogdoronaldocesar.blogspot.com\/<\/font><\/b><\/a><font face=\"Arial\"><font size=\"3\"><b>)<\/b>, a Prefeita Eliane Vicente revelou n\u00e3o saber o que encontrar\u00e1 nas contas e conv\u00eanios da Prefeitura, que, inclusive, est\u00e3o com saldo zero.<\/font><\/font> <\/p>\n<p align=\"justify\"><font face=\"Arial\"><font size=\"3\">\u201cOs sal\u00e1rios de servidores e contratados est\u00e3o atrasados, em muitos casos entrando para o quarto m\u00eas, al\u00e9m de muitas pend\u00eancias com fornecedores. A previd\u00eancia do Munic\u00edpio tamb\u00e9m est\u00e1 sem receber repasses\u201d, publicou o Jornalista. Fonte: Blog do Carlos Eug\u00eanio<\/font><\/font><\/p>\n<div style=\"margin-top: 0px; margin-bottom: 0px;\" class=\"sharethis-inline-share-buttons\" ><\/div>","protected":false},"excerpt":{"rendered":"<p>O Prefeito de Palmeirina, Renato Sarmento (PMDB) est\u00e1 vivendo um verdadeiro inferno astral. \u00c9 que depois de ter sido afastado do cargo na \u00faltima semana por atrasar os sal\u00e1rios dos funcion\u00e1rios da Prefeitura e de ser acusado de utilizar Recursos e n\u00e3o construir Creche no valor de mais de R$ 690 mil reais, o Governante [&hellip;]<\/p>\n","protected":false},"author":1,"featured_media":0,"comment_status":"open","ping_status":"open","sticky":false,"template":"","format":"standard","meta":{"footnotes":""},"categories":[2],"tags":[],"class_list":["post-2129","post","type-post","status-publish","format-standard","hentry","category-noticias-do-dia"],"_links":{"self":[{"href":"https:\/\/www.saloanoticias.com\/v1\/wp-json\/wp\/v2\/posts\/2129","targetHints":{"allow":["GET"]}}],"collection":[{"href":"https:\/\/www.saloanoticias.com\/v1\/wp-json\/wp\/v2\/posts"}],"about":[{"href":"https:\/\/www.saloanoticias.com\/v1\/wp-json\/wp\/v2\/types\/post"}],"author":[{"embeddable":true,"href":"https:\/\/www.saloanoticias.com\/v1\/wp-json\/wp\/v2\/users\/1"}],"replies":[{"embeddable":true,"href":"https:\/\/www.saloanoticias.com\/v1\/wp-json\/wp\/v2\/comments?post=2129"}],"version-history":[{"count":0,"href":"https:\/\/www.saloanoticias.com\/v1\/wp-json\/wp\/v2\/posts\/2129\/revisions"}],"wp:attachment":[{"href":"https:\/\/www.saloanoticias.com\/v1\/wp-json\/wp\/v2\/media?parent=2129"}],"wp:term":[{"taxonomy":"category","embeddable":true,"href":"https:\/\/www.saloanoticias.com\/v1\/wp-json\/wp\/v2\/categories?post=2129"},{"taxonomy":"post_tag","embeddable":true,"href":"https:\/\/www.saloanoticias.com\/v1\/wp-json\/wp\/v2\/tags?post=2129"}],"curies":[{"name":"wp","href":"https:\/\/api.w.org\/{rel}","templated":true}]}}