{"id":2128,"date":"2015-09-23T13:47:23","date_gmt":"2015-09-23T13:47:23","guid":{"rendered":"https:\/\/saloanoticias.mrmediaweb.com\/v1\/2015\/09\/23\/nota-de-falecimento-eliene-mota\/"},"modified":"2015-09-23T13:47:23","modified_gmt":"2015-09-23T13:47:23","slug":"nota-de-falecimento-eliene-mota","status":"publish","type":"post","link":"https:\/\/www.saloanoticias.com\/v1\/nota-de-falecimento-eliene-mota\/","title":{"rendered":"NOTA DE FALECIMENTO: ELIENE SILVA MOTA"},"content":{"rendered":"<p align=\"justify\"><font size=\"3\" face=\"Arial\"><a href=\"http:\/\/www.saloanoticias.com\/images\/nota-de-falecimento_96d110a8ac4ec289757be4b81c29ddc9.png\"><img loading=\"lazy\" decoding=\"async\" title=\"Nota de Falecimento\" style=\"border-top: 0px; border-right: 0px; background-image: none; border-bottom: 0px; float: left; padding-top: 0px; padding-left: 0px; margin: 5px 5px 0px 0px; border-left: 0px; display: inline; padding-right: 0px\" border=\"0\" alt=\"Nota de Falecimento\" src=\"http:\/\/www.saloanoticias.com\/v1\/wp-content\/uploads\/imagens\/nota-de-falecimento_thumb_ead85e7fe3f5332c3d826d8b1bccda6c.png\" width=\"268\" align=\"left\" height=\"168\"><\/a>O pai, Roberto Mota da Silva, a m\u00e3e, Cleide Edjane Silva Mota, o irm\u00e3o, Romilson Silva Mota. As sobrinhas, cunhada, tios, tias, primos e amigos, convidam a todos para o sepultamento da inesquec\u00edvel <\/font><a href=\"https:\/\/www.facebook.com\/eliene.silvamota.1\"><font size=\"3\" face=\"Arial\">Eliene Mota<\/font><\/a><font size=\"3\" face=\"Arial\">, Que acontecer\u00e1 nesta quarta-feira dia 23 de setembro, \u00e0s 16 Hrs no Cemit\u00e9rio Santa Quit\u00e9ria aqui em Salo\u00e1\/PE. O corpo est\u00e1 sendo velado no templo central da Igreja Assembleia de Deus, na Rua Rold\u00e3o Ten\u00f3rio Cavalcante n\u00ba.100, antiga Rua de Bom Conselho, centro.<\/font><\/p>\n<p align=\"justify\"><font size=\"3\" face=\"Arial\">(Eliene faleceu em um acidente automobil\u00edstico no Arizona, Estados Unidos.)<\/font><\/p>\n<div style=\"margin-top: 0px; margin-bottom: 0px;\" class=\"sharethis-inline-share-buttons\" ><\/div>","protected":false},"excerpt":{"rendered":"<p>O pai, Roberto Mota da Silva, a m\u00e3e, Cleide Edjane Silva Mota, o irm\u00e3o, Romilson Silva Mota. As sobrinhas, cunhada, tios, tias, primos e amigos, convidam a todos para o sepultamento da inesquec\u00edvel Eliene Mota, Que acontecer\u00e1 nesta quarta-feira dia 23 de setembro, \u00e0s 16 Hrs no Cemit\u00e9rio Santa Quit\u00e9ria aqui em Salo\u00e1\/PE. O corpo [&hellip;]<\/p>\n","protected":false},"author":1,"featured_media":0,"comment_status":"open","ping_status":"open","sticky":false,"template":"","format":"standard","meta":{"footnotes":""},"categories":[2],"tags":[],"class_list":["post-2128","post","type-post","status-publish","format-standard","hentry","category-noticias-do-dia"],"_links":{"self":[{"href":"https:\/\/www.saloanoticias.com\/v1\/wp-json\/wp\/v2\/posts\/2128","targetHints":{"allow":["GET"]}}],"collection":[{"href":"https:\/\/www.saloanoticias.com\/v1\/wp-json\/wp\/v2\/posts"}],"about":[{"href":"https:\/\/www.saloanoticias.com\/v1\/wp-json\/wp\/v2\/types\/post"}],"author":[{"embeddable":true,"href":"https:\/\/www.saloanoticias.com\/v1\/wp-json\/wp\/v2\/users\/1"}],"replies":[{"embeddable":true,"href":"https:\/\/www.saloanoticias.com\/v1\/wp-json\/wp\/v2\/comments?post=2128"}],"version-history":[{"count":0,"href":"https:\/\/www.saloanoticias.com\/v1\/wp-json\/wp\/v2\/posts\/2128\/revisions"}],"wp:attachment":[{"href":"https:\/\/www.saloanoticias.com\/v1\/wp-json\/wp\/v2\/media?parent=2128"}],"wp:term":[{"taxonomy":"category","embeddable":true,"href":"https:\/\/www.saloanoticias.com\/v1\/wp-json\/wp\/v2\/categories?post=2128"},{"taxonomy":"post_tag","embeddable":true,"href":"https:\/\/www.saloanoticias.com\/v1\/wp-json\/wp\/v2\/tags?post=2128"}],"curies":[{"name":"wp","href":"https:\/\/api.w.org\/{rel}","templated":true}]}}