{"id":2126,"date":"2015-09-22T14:35:54","date_gmt":"2015-09-22T14:35:54","guid":{"rendered":"https:\/\/saloanoticias.mrmediaweb.com\/v1\/2015\/09\/22\/corpo-de-eliene-mota-chega-em-saloa-hoje\/"},"modified":"2015-09-22T14:35:54","modified_gmt":"2015-09-22T14:35:54","slug":"corpo-de-eliene-mota-chega-em-saloa-hoje","status":"publish","type":"post","link":"https:\/\/www.saloanoticias.com\/v1\/corpo-de-eliene-mota-chega-em-saloa-hoje\/","title":{"rendered":"CORPO DE ELIENE MOTA CHEGA EM SALO\u00c1 NA TARDE DESTA TER\u00c7A-FEIRA (22)"},"content":{"rendered":"<p align=\"justify\"><font size=\"3\" face=\"Arial\"><a href=\"http:\/\/www.saloanoticias.com\/images\/1898199_899107960154772_1402233690365493707_n_6d99227794be4b7f2c60dfb4609fabe9.jpg\"><img loading=\"lazy\" decoding=\"async\" title=\"1898199_899107960154772_1402233690365493707_n\" style=\"border-left-width: 0px; border-right-width: 0px; background-image: none; border-bottom-width: 0px; float: left; padding-top: 0px; padding-left: 0px; margin: 5px 5px 0px 0px; display: inline; padding-right: 0px; border-top-width: 0px\" border=\"0\" alt=\"1898199_899107960154772_1402233690365493707_n\" src=\"http:\/\/www.saloanoticias.com\/v1\/wp-content\/uploads\/imagens\/1898199_899107960154772_1402233690365493707_n_thumb_b585d6ce9b3b1dec09fd31caa8c86c26.jpg\" width=\"261\" align=\"left\" height=\"196\"><\/a>O corpo de Eliene Silva Mota, v\u00edtima de acidente de carro no estado do Arizona nos Estados Unidos, no dia 24 de agosto, chegar\u00e1 na tarde desta ter\u00e7a-feira (22) em Salo\u00e1, cidade natal da jovem. Pelas informa\u00e7\u00f5es que tivemos, o caix\u00e3o chegar\u00e1 por volta das 16 horas e, seguir\u00e1 direto para o templo central da Igreja Assembleia de Deus na Rua Rold\u00e3o Ten\u00f3rio Cavalcante, n.\u00ba 100, local onde ser\u00e1 velado.<\/font><\/p>\n<p align=\"justify\"><font size=\"3\" face=\"Arial\">A fam\u00edlia divulgou que o sepultamento acontecer\u00e1 amanh\u00e3, quarta (23), tamb\u00e9m \u00e0s 16 horas no Cemit\u00e9rio de Santa Quit\u00e9ria. <\/font><font size=\"3\" face=\"Arial\">Eliene \u00e9 filha do cantor Mota e Edjane, irm\u00e3 de Rom\u00edlson Mota, sobrinha do vereador Arnaldo Ferreira Lopes, Mariquinha e Babal, e neta dos saudosos Octaviano Ferreira Leite (Cartor\u00e1rio) e Dona Augusta Ferreira Leite, pessoas bastantes conhecidas na cidade de Salo\u00e1. A qualquer momento mais informa\u00e7\u00f5es sobre este assunto.<\/font><\/p>\n<div style=\"margin-top: 0px; margin-bottom: 0px;\" class=\"sharethis-inline-share-buttons\" ><\/div>","protected":false},"excerpt":{"rendered":"<p>O corpo de Eliene Silva Mota, v\u00edtima de acidente de carro no estado do Arizona nos Estados Unidos, no dia 24 de agosto, chegar\u00e1 na tarde desta ter\u00e7a-feira (22) em Salo\u00e1, cidade natal da jovem. Pelas informa\u00e7\u00f5es que tivemos, o caix\u00e3o chegar\u00e1 por volta das 16 horas e, seguir\u00e1 direto para o templo central da [&hellip;]<\/p>\n","protected":false},"author":1,"featured_media":0,"comment_status":"open","ping_status":"open","sticky":false,"template":"","format":"standard","meta":{"footnotes":""},"categories":[2],"tags":[],"class_list":["post-2126","post","type-post","status-publish","format-standard","hentry","category-noticias-do-dia"],"_links":{"self":[{"href":"https:\/\/www.saloanoticias.com\/v1\/wp-json\/wp\/v2\/posts\/2126","targetHints":{"allow":["GET"]}}],"collection":[{"href":"https:\/\/www.saloanoticias.com\/v1\/wp-json\/wp\/v2\/posts"}],"about":[{"href":"https:\/\/www.saloanoticias.com\/v1\/wp-json\/wp\/v2\/types\/post"}],"author":[{"embeddable":true,"href":"https:\/\/www.saloanoticias.com\/v1\/wp-json\/wp\/v2\/users\/1"}],"replies":[{"embeddable":true,"href":"https:\/\/www.saloanoticias.com\/v1\/wp-json\/wp\/v2\/comments?post=2126"}],"version-history":[{"count":0,"href":"https:\/\/www.saloanoticias.com\/v1\/wp-json\/wp\/v2\/posts\/2126\/revisions"}],"wp:attachment":[{"href":"https:\/\/www.saloanoticias.com\/v1\/wp-json\/wp\/v2\/media?parent=2126"}],"wp:term":[{"taxonomy":"category","embeddable":true,"href":"https:\/\/www.saloanoticias.com\/v1\/wp-json\/wp\/v2\/categories?post=2126"},{"taxonomy":"post_tag","embeddable":true,"href":"https:\/\/www.saloanoticias.com\/v1\/wp-json\/wp\/v2\/tags?post=2126"}],"curies":[{"name":"wp","href":"https:\/\/api.w.org\/{rel}","templated":true}]}}