{"id":2125,"date":"2015-09-22T12:16:55","date_gmt":"2015-09-22T12:16:55","guid":{"rendered":"https:\/\/saloanoticias.mrmediaweb.com\/v1\/2015\/09\/22\/luis-de-abilio-e-presidente-do-prp-de-saloa\/"},"modified":"2015-09-22T12:16:55","modified_gmt":"2015-09-22T12:16:55","slug":"luis-de-abilio-e-presidente-do-prp-de-saloa","status":"publish","type":"post","link":"https:\/\/www.saloanoticias.com\/v1\/luis-de-abilio-e-presidente-do-prp-de-saloa\/","title":{"rendered":"LUIS DE AB\u00cdLIO \u00c9 PRESIDENTE DO PARTIDO REPUBLICANO PROGRESSISTA EM SALO\u00c1"},"content":{"rendered":"<p align=\"justify\"><font size=\"3\" face=\"Arial\"><a href=\"http:\/\/www.saloanoticias.com\/images\/luis-de-ablio.jpg\"><img loading=\"lazy\" decoding=\"async\" title=\"Luis de Ab&iacute;lio\" style=\"border-left-width: 0px; border-right-width: 0px; background-image: none; border-bottom-width: 0px; float: none; padding-top: 0px; padding-left: 0px; margin: 0px auto 10px; display: block; padding-right: 0px; border-top-width: 0px\" border=\"0\" alt=\"Luis de Ab&iacute;lio\" src=\"http:\/\/www.saloanoticias.com\/v1\/wp-content\/uploads\/imagens\/luis-de-ablio_thumb.jpg\" width=\"533\" height=\"413\"><\/a>O senhor Luis de Ab\u00edlio, que a pouco tempo estava sem partido, est\u00e1 prestes a realizar um dos grandes sonhos de sua vida, disputar uma elei\u00e7\u00e3o na sua terra natal como vereador ou at\u00e9 mesmo como a prefeito.&nbsp; O sonho de Luis est\u00e1 perto de se realizar j\u00e1 que o mesmo conseguiu estar a frente do PRP \u2013 Partido Republicano Progressista (44), sendo inclusive o presidente da legenda. Segundo ele mesmo nos informou, o partido foi direcionado a ele pelo deputado estadual Jeferson, que apesar de n\u00e3o saber explicar mais detalhes, foi beneficiado com o&nbsp; partido.<\/font><\/p>\n<p align=\"justify\"><font size=\"3\" face=\"Arial\">O pr\u00e9-candidato est\u00e1 radiante de alegria com a real possibilidade de disputar o pleito. O fato \u00e9 que a comiss\u00e3o provis\u00f3ria est\u00e1 formada e o presidente ainda est\u00e1 com a lista de filia\u00e7\u00f5es para os demais interessados em fazer parte do partido ou at\u00e9 mesmo concorrer \u00e0s elei\u00e7\u00f5es municipais do pr\u00f3ximo ano. Parab\u00e9ns ao amigo Luis de Ab\u00edlio pela sua conquista. Veja quem s\u00e3o os integrantes da Comiss\u00e3o Provis\u00f3rio do PRP em Salo\u00e1\/PE.<\/font><\/p>\n<p align=\"justify\"><font size=\"3\" face=\"Arial\"><\/font>&nbsp;<\/p>\n<p align=\"center\"><font size=\"4\" face=\"Arial\"><strong><u>COMISS\u00c3O PROVIS\u00d3RIA DO PARTIDO REPUBLICANO PROGRESSISTA &#8211; PRP 44 &#8211; EM SALO\u00c1\/PE<\/u><\/strong><\/font><\/p>\n<p align=\"center\"><font size=\"4\" face=\"Arial\"><strong>PRESIDENTE: LUIZ MARQUES DA SILVA<\/strong><\/font><\/p>\n<p align=\"center\"><font size=\"4\" face=\"Arial\"><strong>1\u00ba VICE PRESIDENTE: JANETE BARBOSA DA SILVA<\/strong><\/font><\/p>\n<p align=\"center\"><font size=\"4\" face=\"Arial\"><strong>1\u00ba SECRET\u00c1RIO: JOS\u00c9 JUNIOR PORF\u00cdRIO DA SILVA<\/strong><\/font><\/p>\n<p align=\"center\"><font size=\"4\" face=\"Arial\"><strong>1\u00ba TESOUREIRO: JOS\u00c9 MESSIAS PORF\u00cdRIO DA SILVA<\/strong><\/font><\/p>\n<p align=\"center\"><strong><font size=\"4\" face=\"Arial\">MEMBRO: AMAURI TEN\u00d3RIO CAVALCANTI<\/font><\/strong><\/p>\n<div style=\"margin-top: 0px; margin-bottom: 0px;\" class=\"sharethis-inline-share-buttons\" ><\/div>","protected":false},"excerpt":{"rendered":"<p>O senhor Luis de Ab\u00edlio, que a pouco tempo estava sem partido, est\u00e1 prestes a realizar um dos grandes sonhos de sua vida, disputar uma elei\u00e7\u00e3o na sua terra natal como vereador ou at\u00e9 mesmo como a prefeito.&nbsp; O sonho de Luis est\u00e1 perto de se realizar j\u00e1 que o mesmo conseguiu estar a frente [&hellip;]<\/p>\n","protected":false},"author":1,"featured_media":0,"comment_status":"open","ping_status":"open","sticky":false,"template":"","format":"standard","meta":{"footnotes":""},"categories":[2],"tags":[],"class_list":["post-2125","post","type-post","status-publish","format-standard","hentry","category-noticias-do-dia"],"_links":{"self":[{"href":"https:\/\/www.saloanoticias.com\/v1\/wp-json\/wp\/v2\/posts\/2125","targetHints":{"allow":["GET"]}}],"collection":[{"href":"https:\/\/www.saloanoticias.com\/v1\/wp-json\/wp\/v2\/posts"}],"about":[{"href":"https:\/\/www.saloanoticias.com\/v1\/wp-json\/wp\/v2\/types\/post"}],"author":[{"embeddable":true,"href":"https:\/\/www.saloanoticias.com\/v1\/wp-json\/wp\/v2\/users\/1"}],"replies":[{"embeddable":true,"href":"https:\/\/www.saloanoticias.com\/v1\/wp-json\/wp\/v2\/comments?post=2125"}],"version-history":[{"count":0,"href":"https:\/\/www.saloanoticias.com\/v1\/wp-json\/wp\/v2\/posts\/2125\/revisions"}],"wp:attachment":[{"href":"https:\/\/www.saloanoticias.com\/v1\/wp-json\/wp\/v2\/media?parent=2125"}],"wp:term":[{"taxonomy":"category","embeddable":true,"href":"https:\/\/www.saloanoticias.com\/v1\/wp-json\/wp\/v2\/categories?post=2125"},{"taxonomy":"post_tag","embeddable":true,"href":"https:\/\/www.saloanoticias.com\/v1\/wp-json\/wp\/v2\/tags?post=2125"}],"curies":[{"name":"wp","href":"https:\/\/api.w.org\/{rel}","templated":true}]}}