{"id":2124,"date":"2015-09-21T23:05:19","date_gmt":"2015-09-21T23:05:19","guid":{"rendered":"https:\/\/saloanoticias.mrmediaweb.com\/v1\/2015\/09\/21\/dom-paulo-jackson-participa-da-festa-de-sao-vicente\/"},"modified":"2015-09-21T23:05:19","modified_gmt":"2015-09-21T23:05:19","slug":"dom-paulo-jackson-participa-da-festa-de-sao-vicente","status":"publish","type":"post","link":"https:\/\/www.saloanoticias.com\/v1\/dom-paulo-jackson-participa-da-festa-de-sao-vicente\/","title":{"rendered":"DOM PAULO JACKSON PARTICIPA DA FESTA DE S\u00c3O VICENTE DE PAULO"},"content":{"rendered":"<p align=\"justify\"><font size=\"3\" face=\"Arial\"><a href=\"http:\/\/www.saloanoticias.com\/images\/1898199_899107960154772_1402233690365493707_n_9ef5ac4d8862da78c85718d489a36f3c.jpg\"><img loading=\"lazy\" decoding=\"async\" title=\"1898199_899107960154772_1402233690365493707_n\" style=\"border-top: 0px; border-right: 0px; background-image: none; border-bottom: 0px; float: none; padding-top: 0px; padding-left: 0px; margin: 0px auto 10px; border-left: 0px; display: block; padding-right: 0px\" border=\"0\" alt=\"1898199_899107960154772_1402233690365493707_n\" src=\"http:\/\/www.saloanoticias.com\/v1\/wp-content\/uploads\/imagens\/1898199_899107960154772_1402233690365493707_n_thumb_b672e4e624684561ecfd615d8aef884e.jpg\" width=\"610\" height=\"450\"><\/a>O Bispo da Diocese de Garanhuns, Dom Paulo Jackson, participou das festividades do padroeiro S\u00e3o Vicente na cidade de Salo\u00e1. O Reverend\u00edssimo foi o celebrante da missa do terceiro dia da festa e dirigiu a palavra para centenas de pessoas na sede da par\u00f3quia. Ele falou da vida de S\u00e3o Vicente e destacou que apesar de ser fam\u00edlia rica, foi escravizado por ter se dedicado a vida dos pobres. Participaram da celebra\u00e7\u00e3o os representantes dos poderes Executivo, Legislativo e Judici\u00e1rio.<\/font><\/p>\n<p align=\"justify\"><a href=\"http:\/\/www.saloanoticias.com\/images\/11036798_899107880154780_7731325760023654438_n_c70e7fc0cbac533040258c3934153382.jpg\"><img loading=\"lazy\" decoding=\"async\" title=\"11036798_899107880154780_7731325760023654438_n\" style=\"border-top: 0px; border-right: 0px; background-image: none; border-bottom: 0px; float: none; padding-top: 0px; padding-left: 0px; margin-left: auto; border-left: 0px; display: block; padding-right: 0px; margin-right: auto\" border=\"0\" alt=\"11036798_899107880154780_7731325760023654438_n\" src=\"http:\/\/www.saloanoticias.com\/v1\/wp-content\/uploads\/imagens\/11036798_899107880154780_7731325760023654438_n_thumb_46d3c1915ec92938d4be95eeadb1dec1.jpg\" width=\"608\" height=\"398\"><\/a><\/p>\n<p align=\"justify\"><font size=\"3\" face=\"Arial\">O padre Everaldo, p\u00e1roco local, agradeceu a presen\u00e7a de todos e logo em seguida o prefeito da cidade falou aos fi\u00e9is. <\/font><font size=\"3\" face=\"Arial\">Ricardo disse que a chave simb\u00f3lica de Salo\u00e1 estava sendo entregue ao Bispo que visitou pela primeira vez o munic\u00edpio. No final da missa, os Cat\u00f3licos se dirigiram at\u00e9 a frente da igreja, local onde participaram da apresenta\u00e7\u00e3o da Banda de S\u00e3o Francisco, evento que animou a juventude Cat\u00f3lica.<\/font><\/p>\n<div style=\"margin-top: 0px; margin-bottom: 0px;\" class=\"sharethis-inline-share-buttons\" ><\/div>","protected":false},"excerpt":{"rendered":"<p>O Bispo da Diocese de Garanhuns, Dom Paulo Jackson, participou das festividades do padroeiro S\u00e3o Vicente na cidade de Salo\u00e1. O Reverend\u00edssimo foi o celebrante da missa do terceiro dia da festa e dirigiu a palavra para centenas de pessoas na sede da par\u00f3quia. Ele falou da vida de S\u00e3o Vicente e destacou que apesar [&hellip;]<\/p>\n","protected":false},"author":1,"featured_media":0,"comment_status":"open","ping_status":"open","sticky":false,"template":"","format":"standard","meta":{"footnotes":""},"categories":[2],"tags":[],"class_list":["post-2124","post","type-post","status-publish","format-standard","hentry","category-noticias-do-dia"],"_links":{"self":[{"href":"https:\/\/www.saloanoticias.com\/v1\/wp-json\/wp\/v2\/posts\/2124","targetHints":{"allow":["GET"]}}],"collection":[{"href":"https:\/\/www.saloanoticias.com\/v1\/wp-json\/wp\/v2\/posts"}],"about":[{"href":"https:\/\/www.saloanoticias.com\/v1\/wp-json\/wp\/v2\/types\/post"}],"author":[{"embeddable":true,"href":"https:\/\/www.saloanoticias.com\/v1\/wp-json\/wp\/v2\/users\/1"}],"replies":[{"embeddable":true,"href":"https:\/\/www.saloanoticias.com\/v1\/wp-json\/wp\/v2\/comments?post=2124"}],"version-history":[{"count":0,"href":"https:\/\/www.saloanoticias.com\/v1\/wp-json\/wp\/v2\/posts\/2124\/revisions"}],"wp:attachment":[{"href":"https:\/\/www.saloanoticias.com\/v1\/wp-json\/wp\/v2\/media?parent=2124"}],"wp:term":[{"taxonomy":"category","embeddable":true,"href":"https:\/\/www.saloanoticias.com\/v1\/wp-json\/wp\/v2\/categories?post=2124"},{"taxonomy":"post_tag","embeddable":true,"href":"https:\/\/www.saloanoticias.com\/v1\/wp-json\/wp\/v2\/tags?post=2124"}],"curies":[{"name":"wp","href":"https:\/\/api.w.org\/{rel}","templated":true}]}}