{"id":2123,"date":"2015-09-21T15:58:55","date_gmt":"2015-09-21T15:58:55","guid":{"rendered":"https:\/\/saloanoticias.mrmediaweb.com\/v1\/2015\/09\/21\/ricardo-e-ze-antonio-visitam-obras-no-municipio\/"},"modified":"2015-09-21T15:58:55","modified_gmt":"2015-09-21T15:58:55","slug":"ricardo-e-ze-antonio-visitam-obras-no-municipio","status":"publish","type":"post","link":"https:\/\/www.saloanoticias.com\/v1\/ricardo-e-ze-antonio-visitam-obras-no-municipio\/","title":{"rendered":"RICARDO E Z\u00c9 ANT\u00d4NIO VISITAM OBRAS NO MUNIC\u00cdPIO DE SALO\u00c1"},"content":{"rendered":"<p align=\"justify\"><font size=\"3\" face=\"Arial\"><a href=\"http:\/\/www.saloanoticias.com\/images\/salo-notcias_fc564a5eb1e0e1d71319790cae4d7556.jpg\"><img loading=\"lazy\" decoding=\"async\" title=\"Salo&aacute; Not&iacute;cias\" style=\"border-top: 0px; border-right: 0px; background-image: none; border-bottom: 0px; float: none; padding-top: 0px; padding-left: 0px; margin: 0px auto 10px; border-left: 0px; display: block; padding-right: 0px\" border=\"0\" alt=\"Salo&aacute; Not&iacute;cias\" src=\"http:\/\/www.saloanoticias.com\/v1\/wp-content\/uploads\/imagens\/salo-notcias_thumb_a20c256a9ca8979f854757488f848dff.jpg\" width=\"598\" height=\"446\"><\/a>O prefeito do munic\u00edpio de Salo\u00e1\/PE, Ricardo Alves, acompanhado de seu vice, Z\u00e9 Ant\u00f4nio do Leite, visitaram na \u00faltima sexta-feira, dia 18 de setembro, as obras de constru\u00e7\u00e3o da nova escola do povoado Serrinha da Prata e do novo posto de sa\u00fade daquela counidade. Os pol\u00edticos viram o andamento das obras e depois seguiram para o s\u00edtio Calder\u00f5es, onde conversaram com alguns l\u00edderes comunit\u00e1rios e depois foram ao s\u00edtio Riach\u00e3o. A caminhada do prefeito e do vice acabou no s\u00edtio Meladinho em uma reuni\u00e3o com moradores da comunidade.<\/font><\/p>\n<p align=\"justify\"><font size=\"3\" face=\"Arial\">O governo de Ricardo Alves e Z\u00e9 Ant\u00f4nio anda de vento em poupa, com diversas constru\u00e7\u00f5es em andamento em v\u00e1rias partes do munic\u00edpio, demonstrando que a parceria entre o grupo Caf\u00e9 com Leite continua bem. Ricardo deve anunciar mais a\u00e7\u00f5es para o munic\u00edpio nos pr\u00f3ximos dias.<\/font><\/p>\n<div style=\"margin-top: 0px; margin-bottom: 0px;\" class=\"sharethis-inline-share-buttons\" ><\/div>","protected":false},"excerpt":{"rendered":"<p>O prefeito do munic\u00edpio de Salo\u00e1\/PE, Ricardo Alves, acompanhado de seu vice, Z\u00e9 Ant\u00f4nio do Leite, visitaram na \u00faltima sexta-feira, dia 18 de setembro, as obras de constru\u00e7\u00e3o da nova escola do povoado Serrinha da Prata e do novo posto de sa\u00fade daquela counidade. Os pol\u00edticos viram o andamento das obras e depois seguiram para [&hellip;]<\/p>\n","protected":false},"author":1,"featured_media":0,"comment_status":"open","ping_status":"open","sticky":false,"template":"","format":"standard","meta":{"footnotes":""},"categories":[2],"tags":[],"class_list":["post-2123","post","type-post","status-publish","format-standard","hentry","category-noticias-do-dia"],"_links":{"self":[{"href":"https:\/\/www.saloanoticias.com\/v1\/wp-json\/wp\/v2\/posts\/2123","targetHints":{"allow":["GET"]}}],"collection":[{"href":"https:\/\/www.saloanoticias.com\/v1\/wp-json\/wp\/v2\/posts"}],"about":[{"href":"https:\/\/www.saloanoticias.com\/v1\/wp-json\/wp\/v2\/types\/post"}],"author":[{"embeddable":true,"href":"https:\/\/www.saloanoticias.com\/v1\/wp-json\/wp\/v2\/users\/1"}],"replies":[{"embeddable":true,"href":"https:\/\/www.saloanoticias.com\/v1\/wp-json\/wp\/v2\/comments?post=2123"}],"version-history":[{"count":0,"href":"https:\/\/www.saloanoticias.com\/v1\/wp-json\/wp\/v2\/posts\/2123\/revisions"}],"wp:attachment":[{"href":"https:\/\/www.saloanoticias.com\/v1\/wp-json\/wp\/v2\/media?parent=2123"}],"wp:term":[{"taxonomy":"category","embeddable":true,"href":"https:\/\/www.saloanoticias.com\/v1\/wp-json\/wp\/v2\/categories?post=2123"},{"taxonomy":"post_tag","embeddable":true,"href":"https:\/\/www.saloanoticias.com\/v1\/wp-json\/wp\/v2\/tags?post=2123"}],"curies":[{"name":"wp","href":"https:\/\/api.w.org\/{rel}","templated":true}]}}