{"id":2122,"date":"2015-09-21T13:00:00","date_gmt":"2015-09-21T13:00:00","guid":{"rendered":"https:\/\/saloanoticias.mrmediaweb.com\/v1\/2015\/09\/21\/quem-falar-mal-de-politico-pode-ir-para-a-cadeia\/"},"modified":"2015-09-21T13:00:00","modified_gmt":"2015-09-21T13:00:00","slug":"quem-falar-mal-de-politico-pode-ir-para-a-cadeia","status":"publish","type":"post","link":"https:\/\/www.saloanoticias.com\/v1\/quem-falar-mal-de-politico-pode-ir-para-a-cadeia\/","title":{"rendered":"FALAR MAL DE POL\u00cdTICO PODE DAR CADEIA"},"content":{"rendered":"<p align=\"justify\"><font size=\"3\" face=\"Arial\"><a href=\"http:\/\/www.saloanoticias.com\/images\/lingua_solta.gif\"><img loading=\"lazy\" decoding=\"async\" title=\"lingua_solta\" style=\"border-top: 0px; border-right: 0px; background-image: none; border-bottom: 0px; float: left; padding-top: 0px; padding-left: 0px; margin: 5px 5px 0px 0px; border-left: 0px; display: inline; padding-right: 0px\" border=\"0\" alt=\"lingua_solta\" src=\"http:\/\/www.saloanoticias.com\/v1\/wp-content\/uploads\/imagens\/lingua_solta_thumb.gif\" width=\"303\" align=\"left\" height=\"148\"><\/a>Quer falar mal de algum pol\u00edtico pela internet ? Ent\u00e3o prepare-se para passar at\u00e9 seis anos na pris\u00e3o em regime fechado. Tr\u00eas projetos de lei est\u00e3o avan\u00e7ando em alta velocidade neste momento na C\u00e2mara dos Deputados para aumentar penas e at\u00e9 mesmo transformar em crime hediondo as ofensas em alguns casos. A autora do principal deles, o projeto de lei 1.589, de 2015, \u00e9 a deputada Soraya Santos, do PMDB-RJ. <\/font><font size=\"3\" face=\"Arial\">Se voc\u00ea j\u00e1 ficou em alerta, saiba que o buraco \u00e9 ainda mais profundo. Se o projeto for aprovado, qualquer &#8220;autoridade competente&#8221; poder\u00e1 ter acesso aos dados de qualquer internauta, sem maiores controles.<\/font> <\/p>\n<p align=\"justify\"><font size=\"3\" face=\"Arial\">E mais: poder\u00e1 ter acesso tamb\u00e9m ao inteiro teor das comunica\u00e7\u00f5es dos usu\u00e1rios, sem a necessidade de ordem judicial pr\u00e9via. <\/font><font size=\"3\" face=\"Arial\">Sabe aquelas mensagens que est\u00e3o na caixa de mensagens da sua rede social favorita ? O governo ou a pol\u00edcia passam ter acesso direto a elas, sem controle. Cria-se assim uma rep\u00fablica da vigil\u00e2ncia no Brasil. Todos os cidad\u00e3os s\u00e3o suspeitos, e o governo ou a pol\u00edcia t\u00eam acesso a tudo que se diz na internet, mesmo em comunica\u00e7\u00f5es privadas.<\/font> <\/p>\n<p align=\"justify\"><font size=\"3\" face=\"Arial\">Uma das principais conquistas do Marco Civil foi estabelecer a necessidade de ordem judicial pr\u00e9via para a obten\u00e7\u00e3o dos dados dos usu\u00e1rios na rede. Criou-se assim um sistema minimamente balanceado: os provedores e sites precisam guardar os dados, mas s\u00f3 podem entrega-los para fins de investiga\u00e7\u00e3o se um juiz autorizar. <\/font><font size=\"3\" face=\"Arial\">Essa \u00e9 a regra em todos os pa\u00edses democr\u00e1ticos. Que agora est\u00e1 prestes a cair por terra no Brasil. <\/font><font size=\"3\" face=\"Arial\">A coisa piora ainda mais. Ofensas hoje s\u00f3 s\u00e3o investigadas e processadas se houver &#8220;queixa&#8221; do ofendido.<\/font> <\/p>\n<p align=\"justify\"><font size=\"3\" face=\"Arial\">O projeto acaba com essa necessidade. Com isso, tanto a pol\u00edcia quanto o Minist\u00e9rio P\u00fablico poder\u00e3o investigar qualquer ofensa proferida na internet sem a necessidade de queixa pr\u00e9via. Em outras palavras, isso transforma as autoridades p\u00fablicas em advogados privados de pol\u00edticos que podem usar da sua influ\u00eancia para intimidar quem fala mal deles na rede. <\/font><font size=\"3\" face=\"Arial\">Para completar, o projeto cria tamb\u00e9m um direito para que pol\u00edticos possam solicitar ao poder judici\u00e1rio que sejam imediatamente apagados da internet quaisquer conte\u00fados que os relacionem a fatos &#8220;difamat\u00f3rios ou injuriosos&#8221;. Fonte: Blog do Magno<\/font><\/p>\n<div style=\"margin-top: 0px; margin-bottom: 0px;\" class=\"sharethis-inline-share-buttons\" ><\/div>","protected":false},"excerpt":{"rendered":"<p>Quer falar mal de algum pol\u00edtico pela internet ? Ent\u00e3o prepare-se para passar at\u00e9 seis anos na pris\u00e3o em regime fechado. Tr\u00eas projetos de lei est\u00e3o avan\u00e7ando em alta velocidade neste momento na C\u00e2mara dos Deputados para aumentar penas e at\u00e9 mesmo transformar em crime hediondo as ofensas em alguns casos. A autora do principal [&hellip;]<\/p>\n","protected":false},"author":1,"featured_media":0,"comment_status":"open","ping_status":"open","sticky":false,"template":"","format":"standard","meta":{"footnotes":""},"categories":[2],"tags":[],"class_list":["post-2122","post","type-post","status-publish","format-standard","hentry","category-noticias-do-dia"],"_links":{"self":[{"href":"https:\/\/www.saloanoticias.com\/v1\/wp-json\/wp\/v2\/posts\/2122","targetHints":{"allow":["GET"]}}],"collection":[{"href":"https:\/\/www.saloanoticias.com\/v1\/wp-json\/wp\/v2\/posts"}],"about":[{"href":"https:\/\/www.saloanoticias.com\/v1\/wp-json\/wp\/v2\/types\/post"}],"author":[{"embeddable":true,"href":"https:\/\/www.saloanoticias.com\/v1\/wp-json\/wp\/v2\/users\/1"}],"replies":[{"embeddable":true,"href":"https:\/\/www.saloanoticias.com\/v1\/wp-json\/wp\/v2\/comments?post=2122"}],"version-history":[{"count":0,"href":"https:\/\/www.saloanoticias.com\/v1\/wp-json\/wp\/v2\/posts\/2122\/revisions"}],"wp:attachment":[{"href":"https:\/\/www.saloanoticias.com\/v1\/wp-json\/wp\/v2\/media?parent=2122"}],"wp:term":[{"taxonomy":"category","embeddable":true,"href":"https:\/\/www.saloanoticias.com\/v1\/wp-json\/wp\/v2\/categories?post=2122"},{"taxonomy":"post_tag","embeddable":true,"href":"https:\/\/www.saloanoticias.com\/v1\/wp-json\/wp\/v2\/tags?post=2122"}],"curies":[{"name":"wp","href":"https:\/\/api.w.org\/{rel}","templated":true}]}}