{"id":2121,"date":"2015-09-20T20:30:13","date_gmt":"2015-09-20T20:30:13","guid":{"rendered":"https:\/\/saloanoticias.mrmediaweb.com\/v1\/2015\/09\/20\/destaques-do-2-dia-da-festa-de-sao-vicente\/"},"modified":"2015-09-20T20:30:13","modified_gmt":"2015-09-20T20:30:13","slug":"destaques-do-2-dia-da-festa-de-sao-vicente","status":"publish","type":"post","link":"https:\/\/www.saloanoticias.com\/v1\/destaques-do-2-dia-da-festa-de-sao-vicente\/","title":{"rendered":"DESTAQUES DO 2\u00ba DIA DAS FESTIVIDADES DE S\u00c3O VICENTE DE PAULO"},"content":{"rendered":"<p align=\"justify\"><font size=\"3\" face=\"Arial\"><a href=\"http:\/\/www.saloanoticias.com\/images\/1898199_899107960154772_1402233690365493707_n_02e5689303a7777bf9dd8170573780a0.jpg\"><img loading=\"lazy\" decoding=\"async\" title=\"1898199_899107960154772_1402233690365493707_n\" style=\"border-top: 0px; border-right: 0px; background-image: none; border-bottom: 0px; float: none; padding-top: 0px; padding-left: 0px; margin: 0px auto 10px; border-left: 0px; display: block; padding-right: 0px\" border=\"0\" alt=\"1898199_899107960154772_1402233690365493707_n\" src=\"http:\/\/www.saloanoticias.com\/v1\/wp-content\/uploads\/imagens\/1898199_899107960154772_1402233690365493707_n_thumb_d86a2a316621421f94ecfd2306511f89.jpg\" width=\"568\" height=\"426\"><\/a>Ontem dia 19\/09, foi realizada e celebrada a 2\u00aa noite de festividades em hon<\/font><font size=\"3\" face=\"Arial\">ra ao nosso Padroeiro S\u00e3o Vicente de Paulo. Quem celebrou a Santa Missa foi o Padre Jos\u00e9 Hilton Ferreira que j\u00e1 \u00e9 bem conhecido pelos Saloaenses. Logo ap\u00f3s a Missa foi realizado Leil\u00e3o de prendas, muitas pessoas, comerciantes, empres\u00e1rios, vereadores e o Prefeito do Munic\u00edpio Ricardo Alves participaram do Leil\u00e3o que terminou mais de 00h30m, podemos dizer que foi um sucesso.<\/font><\/p>\n<p align=\"justify\"><a href=\"http:\/\/www.saloanoticias.com\/images\/salo-notcias_216e1776bc8ca617f81aff16ca97daf7.jpg\"><img loading=\"lazy\" decoding=\"async\" title=\"Salo&aacute; Not&iacute;cias\" style=\"border-top: 0px; border-right: 0px; background-image: none; border-bottom: 0px; float: none; padding-top: 0px; padding-left: 0px; margin-left: auto; border-left: 0px; display: block; padding-right: 0px; margin-right: auto\" border=\"0\" alt=\"Salo&aacute; Not&iacute;cias\" src=\"http:\/\/www.saloanoticias.com\/v1\/wp-content\/uploads\/imagens\/salo-notcias_thumb_76bea227c2bbfba78426d4fa2aed3525.jpg\" width=\"562\" height=\"489\"><\/a><\/p>\n<p align=\"justify\"><font size=\"3\" face=\"Arial\">E hoje esperamos a visita de nosso Bispo Dom Paulo Jackson que vem celebrar em nossa Par\u00f3quia, desde j\u00e1 convidamos a todos para participarem com a gente desse grandioso evento, hoje tamb\u00e9m ter\u00e1 ap\u00f3s a Santa Missa o Show Religioso com a Banda S\u00e3o Francisco de Recife\/PE. Fonte: Par\u00f3quia de S\u00e3o Vicente, atrav\u00e9s do Rep\u00f3rter Felipe Gomes<\/font> <\/p>\n<p align=\"center\"><font size=\"3\" face=\"Arial\"><strong>Programa\u00e7\u00e3o do dia (21\/09) segue anexada abaixo.<\/strong><\/font> <\/p>\n<h4 align=\"center\"><font face=\"Arial\"><font style=\"font-weight: bold\">Segunda Feira 21\/09: Dia dedicado as institui\u00e7\u00f5es CRAS, CCI e CRECHE.<\/font><\/font><\/h4>\n<p align=\"center\"><font size=\"3\" face=\"Arial\"><strong>6h \u2013 Salva de fogos.<\/strong><\/font> <\/p>\n<p align=\"center\"><font size=\"3\" face=\"Arial\"><strong>12h \u2013 Salva de fogos.<\/strong><\/font> <\/p>\n<p align=\"center\"><font size=\"3\" face=\"Arial\"><strong>18h Salva de fogos.<\/strong><\/font> <\/p>\n<p align=\"center\"><font size=\"3\" face=\"Arial\"><strong>19 \u2013 Novena de S\u00e3o Vicente de Paulo.<\/strong><\/font> <\/p>\n<p align=\"center\"><font size=\"3\" face=\"Arial\"><strong>19h30m \u2013 Celebra\u00e7\u00e3o Eucar\u00edstica.<\/strong><\/font> <\/p>\n<p align=\"center\"><font size=\"3\" face=\"Arial\"><strong>Noiteiros: Setor Iatec\u00e1: Iatec\u00e1, Lagoa Nova, Co\u00eama, Batinha e Brej\u00e3o do Ara\u00fajo. <\/strong><\/font> <\/p>\n<p align=\"center\"><font size=\"3\" face=\"Arial\"><strong>21h \u2013 Quermesse e Atra\u00e7\u00f5es Culturais.<\/strong><\/font><\/p>\n<div style=\"margin-top: 0px; margin-bottom: 0px;\" class=\"sharethis-inline-share-buttons\" ><\/div>","protected":false},"excerpt":{"rendered":"<p>Ontem dia 19\/09, foi realizada e celebrada a 2\u00aa noite de festividades em honra ao nosso Padroeiro S\u00e3o Vicente de Paulo. Quem celebrou a Santa Missa foi o Padre Jos\u00e9 Hilton Ferreira que j\u00e1 \u00e9 bem conhecido pelos Saloaenses. Logo ap\u00f3s a Missa foi realizado Leil\u00e3o de prendas, muitas pessoas, comerciantes, empres\u00e1rios, vereadores e o [&hellip;]<\/p>\n","protected":false},"author":1,"featured_media":0,"comment_status":"open","ping_status":"open","sticky":false,"template":"","format":"standard","meta":{"footnotes":""},"categories":[2],"tags":[],"class_list":["post-2121","post","type-post","status-publish","format-standard","hentry","category-noticias-do-dia"],"_links":{"self":[{"href":"https:\/\/www.saloanoticias.com\/v1\/wp-json\/wp\/v2\/posts\/2121","targetHints":{"allow":["GET"]}}],"collection":[{"href":"https:\/\/www.saloanoticias.com\/v1\/wp-json\/wp\/v2\/posts"}],"about":[{"href":"https:\/\/www.saloanoticias.com\/v1\/wp-json\/wp\/v2\/types\/post"}],"author":[{"embeddable":true,"href":"https:\/\/www.saloanoticias.com\/v1\/wp-json\/wp\/v2\/users\/1"}],"replies":[{"embeddable":true,"href":"https:\/\/www.saloanoticias.com\/v1\/wp-json\/wp\/v2\/comments?post=2121"}],"version-history":[{"count":0,"href":"https:\/\/www.saloanoticias.com\/v1\/wp-json\/wp\/v2\/posts\/2121\/revisions"}],"wp:attachment":[{"href":"https:\/\/www.saloanoticias.com\/v1\/wp-json\/wp\/v2\/media?parent=2121"}],"wp:term":[{"taxonomy":"category","embeddable":true,"href":"https:\/\/www.saloanoticias.com\/v1\/wp-json\/wp\/v2\/categories?post=2121"},{"taxonomy":"post_tag","embeddable":true,"href":"https:\/\/www.saloanoticias.com\/v1\/wp-json\/wp\/v2\/tags?post=2121"}],"curies":[{"name":"wp","href":"https:\/\/api.w.org\/{rel}","templated":true}]}}