{"id":2118,"date":"2015-09-19T23:57:23","date_gmt":"2015-09-19T23:57:23","guid":{"rendered":"https:\/\/saloanoticias.mrmediaweb.com\/v1\/2015\/09\/19\/comeca-as-festas-de-sao-vicente-de-paulo\/"},"modified":"2015-09-19T23:57:23","modified_gmt":"2015-09-19T23:57:23","slug":"comeca-as-festas-de-sao-vicente-de-paulo","status":"publish","type":"post","link":"https:\/\/www.saloanoticias.com\/v1\/comeca-as-festas-de-sao-vicente-de-paulo\/","title":{"rendered":"COME\u00c7A AS FESTIVIDADES DE S\u00c3O VICENTE DE PAULO NA CIDADE DE SALO\u00c1"},"content":{"rendered":"<p align=\"justify\"><font size=\"3\" face=\"Arial\"><a href=\"http:\/\/www.saloanoticias.com\/images\/1898199_899107960154772_1402233690365493707_n_6ea071234f91f7202ae157ed88600d3d.jpg\"><img loading=\"lazy\" decoding=\"async\" title=\"1898199_899107960154772_1402233690365493707_n\" style=\"border-top: 0px; border-right: 0px; background-image: none; border-bottom: 0px; float: none; padding-top: 0px; padding-left: 0px; margin: 0px auto 10px; border-left: 0px; display: block; padding-right: 0px\" border=\"0\" alt=\"1898199_899107960154772_1402233690365493707_n\" src=\"http:\/\/www.saloanoticias.com\/v1\/wp-content\/uploads\/imagens\/1898199_899107960154772_1402233690365493707_n_thumb_b3494d890e3576d017f693fe66e4556b.jpg\" width=\"632\" height=\"474\"><\/a>Ontem dia 18\/09, foi realizado a Abertura da Festa de S\u00e3o Vicente de Paulo na cidade de Salo\u00e1. A abertura deu-se in\u00edcio com a Prociss\u00e3o Motorizada saindo da Comunidade do S\u00edtio Catimbau (Da Capela de Nossa Senhora Aparecida). Chegando a Igreja os motoristas receberam a b\u00ean\u00e7\u00e3o dos autom\u00f3veis pelo Padre Everaldo. Ap\u00f3s a B\u00ean\u00e7\u00e3o deu-se in\u00edcio a Santa Missa de Abertura presidida pelo Padre Marcos Andr\u00e9, que \u00e9 filho da terra.<\/font><\/p>\n<p align=\"justify\"><a href=\"http:\/\/www.saloanoticias.com\/images\/11036798_899107880154780_7731325760023654438_n_55d8addefca4e2031c928d82d1ca0937.jpg\"><img loading=\"lazy\" decoding=\"async\" title=\"11036798_899107880154780_7731325760023654438_n\" style=\"border-top: 0px; border-right: 0px; background-image: none; border-bottom: 0px; float: none; padding-top: 0px; padding-left: 0px; margin: 10px auto; border-left: 0px; display: block; padding-right: 0px\" border=\"0\" alt=\"11036798_899107880154780_7731325760023654438_n\" src=\"http:\/\/www.saloanoticias.com\/v1\/wp-content\/uploads\/imagens\/11036798_899107880154780_7731325760023654438_n_thumb_93dccf3f82a71ff4d2e4a29a45f36ea2.jpg\" width=\"629\" height=\"571\"><\/a><\/p>\n<p align=\"justify\"><font size=\"3\" face=\"Arial\">A festa contou com a participa\u00e7\u00e3o de todo povo de Deus. <\/font><font size=\"3\" face=\"Arial\">A Festa continua neste s\u00e1bado (19) com o leil\u00e3o e neste pr\u00f3ximo domingo (20\/09) teremos um grande Show Religioso com a Banda S\u00e3o Francisco do Recife, \u00e0s 21h. Contamos com a presen\u00e7a de todos para vir abrilhantar todas as noites de nossa festa.&nbsp; <strong>Texto e fotos: Felipe Gomes<\/strong><\/font> <\/p>\n<p align=\"center\"><font size=\"3\" face=\"Arial\">&nbsp;&nbsp;&nbsp;&nbsp;&nbsp;&nbsp;&nbsp; <strong>Programa\u00e7\u00e3o do dia (20\/09) segue anexada abaixo.<\/strong><\/font> <\/p>\n<h4 align=\"center\"><font face=\"Arial\"><font style=\"font-weight: bold\">Domingo 20\/09: Dia Dedicado aos comerciantes de nossa Cidade.<\/font><\/font><\/h4>\n<p align=\"center\"><font size=\"3\" face=\"Arial\"><strong>6h \u2013 Salva de fogos.<\/strong><\/font> <\/p>\n<p align=\"center\"><font size=\"3\" face=\"Arial\"><strong>10h \u2013 Batizados.<\/strong><\/font> <\/p>\n<p align=\"center\"><font size=\"3\" face=\"Arial\"><strong>12h \u2013 Salva de fogos.<\/strong><\/font> <\/p>\n<p align=\"center\"><font size=\"3\" face=\"Arial\"><strong>14h \u2013 Encontro para Casais.<\/strong><\/font> <\/p>\n<p align=\"center\"><font size=\"3\" face=\"Arial\"><strong>18h \u2013 Salva de fogos.<\/strong><\/font> <\/p>\n<p align=\"center\"><font size=\"3\" face=\"Arial\"><strong>19h \u2013 Novena de S\u00e3o Vicente de Paulo.<\/strong><\/font> <\/p>\n<p align=\"center\"><font size=\"3\" face=\"Arial\"><strong>19h30m \u2013 Celebra\u00e7\u00e3o Eucar\u00edstica.<\/strong><\/font> <\/p>\n<p align=\"center\"><font size=\"3\" face=\"Arial\"><strong>Noiteiros: Poderes: Executivo, Legislativo e Judici\u00e1rio.<\/strong><\/font> <\/p>\n<p align=\"center\"><font size=\"3\" face=\"Arial\"><strong>21h \u2013 Quermesse e Show Religioso.<\/strong><\/font><\/p>\n<div style=\"margin-top: 0px; margin-bottom: 0px;\" class=\"sharethis-inline-share-buttons\" ><\/div>","protected":false},"excerpt":{"rendered":"<p>Ontem dia 18\/09, foi realizado a Abertura da Festa de S\u00e3o Vicente de Paulo na cidade de Salo\u00e1. A abertura deu-se in\u00edcio com a Prociss\u00e3o Motorizada saindo da Comunidade do S\u00edtio Catimbau (Da Capela de Nossa Senhora Aparecida). Chegando a Igreja os motoristas receberam a b\u00ean\u00e7\u00e3o dos autom\u00f3veis pelo Padre Everaldo. Ap\u00f3s a B\u00ean\u00e7\u00e3o deu-se [&hellip;]<\/p>\n","protected":false},"author":1,"featured_media":0,"comment_status":"open","ping_status":"open","sticky":false,"template":"","format":"standard","meta":{"footnotes":""},"categories":[2],"tags":[],"class_list":["post-2118","post","type-post","status-publish","format-standard","hentry","category-noticias-do-dia"],"_links":{"self":[{"href":"https:\/\/www.saloanoticias.com\/v1\/wp-json\/wp\/v2\/posts\/2118","targetHints":{"allow":["GET"]}}],"collection":[{"href":"https:\/\/www.saloanoticias.com\/v1\/wp-json\/wp\/v2\/posts"}],"about":[{"href":"https:\/\/www.saloanoticias.com\/v1\/wp-json\/wp\/v2\/types\/post"}],"author":[{"embeddable":true,"href":"https:\/\/www.saloanoticias.com\/v1\/wp-json\/wp\/v2\/users\/1"}],"replies":[{"embeddable":true,"href":"https:\/\/www.saloanoticias.com\/v1\/wp-json\/wp\/v2\/comments?post=2118"}],"version-history":[{"count":0,"href":"https:\/\/www.saloanoticias.com\/v1\/wp-json\/wp\/v2\/posts\/2118\/revisions"}],"wp:attachment":[{"href":"https:\/\/www.saloanoticias.com\/v1\/wp-json\/wp\/v2\/media?parent=2118"}],"wp:term":[{"taxonomy":"category","embeddable":true,"href":"https:\/\/www.saloanoticias.com\/v1\/wp-json\/wp\/v2\/categories?post=2118"},{"taxonomy":"post_tag","embeddable":true,"href":"https:\/\/www.saloanoticias.com\/v1\/wp-json\/wp\/v2\/tags?post=2118"}],"curies":[{"name":"wp","href":"https:\/\/api.w.org\/{rel}","templated":true}]}}