{"id":2115,"date":"2015-09-18T21:56:52","date_gmt":"2015-09-18T21:56:52","guid":{"rendered":"https:\/\/saloanoticias.mrmediaweb.com\/v1\/2015\/09\/18\/gilmar-marinho-e-o-novo-diretor-do-hospital-josina-godoy\/"},"modified":"2015-09-18T21:56:52","modified_gmt":"2015-09-18T21:56:52","slug":"gilmar-marinho-e-o-novo-diretor-do-hospital-josina-godoy","status":"publish","type":"post","link":"https:\/\/www.saloanoticias.com\/v1\/gilmar-marinho-e-o-novo-diretor-do-hospital-josina-godoy\/","title":{"rendered":"GILMAR MARINHO \u00c9 O NOVO DIRETOR DO HOSPITAL JOSINA GODOY DE SALO\u00c1"},"content":{"rendered":"<p align=\"justify\"><font size=\"3\" face=\"Arial\"><a href=\"http:\/\/www.saloanoticias.com\/images\/1898199_899107960154772_1402233690365493707_n_582a5a905c3ddd8db734b48b33b83db4.jpg\"><img loading=\"lazy\" decoding=\"async\" title=\"1898199_899107960154772_1402233690365493707_n\" style=\"border-top: 0px; border-right: 0px; background-image: none; border-bottom: 0px; float: none; padding-top: 0px; padding-left: 0px; margin: 0px auto 10px; border-left: 0px; display: block; padding-right: 0px\" border=\"0\" alt=\"1898199_899107960154772_1402233690365493707_n\" src=\"http:\/\/www.saloanoticias.com\/v1\/wp-content\/uploads\/imagens\/1898199_899107960154772_1402233690365493707_n_thumb_ff1d2792edc8e0508127533c41b536e8.jpg\" width=\"607\" height=\"430\"><\/a>O Hospital Josina Godoy na cidade de Salo\u00e1 agora tem novo diretor, \u00e9 o administrador de empresas Gilmar Marinho Dantas, funcion\u00e1rio efetivo e que j\u00e1 trabalha no munic\u00edpio h\u00e1 mais de 20 anos. Gilmar substitui o ex Eduardo Maciel. O novo diretor foi apresentado aos funcion\u00e1rios da casa ao lado do prefeito Ricardo Alves, da secret\u00e1ria de sa\u00fade Manuela Torres Souto e dos vereadores da base aliada do governo. Ricardo disse que a mudan\u00e7a precisava acontecer e agradeceu ao ex-diretor pelo \u00f3timo trabalho realizado at\u00e9 o presente momento.<\/font><\/p>\n<p align=\"justify\"><a href=\"http:\/\/www.saloanoticias.com\/images\/11036798_899107880154780_7731325760023654438_n_a24cf194d058738a23773a6ae8d9d372.jpg\"><img loading=\"lazy\" decoding=\"async\" title=\"11036798_899107880154780_7731325760023654438_n\" style=\"border-top: 0px; border-right: 0px; background-image: none; border-bottom: 0px; float: none; padding-top: 0px; padding-left: 0px; margin-left: auto; border-left: 0px; display: block; padding-right: 0px; margin-right: auto\" border=\"0\" alt=\"11036798_899107880154780_7731325760023654438_n\" src=\"http:\/\/www.saloanoticias.com\/v1\/wp-content\/uploads\/imagens\/11036798_899107880154780_7731325760023654438_n_thumb_5ad8db83865f01d5dc7b6e23f613e7b8.jpg\" width=\"605\" height=\"388\"><\/a><\/p>\n<p align=\"justify\"><font size=\"3\" face=\"Arial\">Gilmar se disse bastante lisonjeado pelo convite e falou que vai trabalhar para corresponder as expectativas que lhe foi confiada. Lembrou que j\u00e1 trabalha na sa\u00fade h\u00e1 bastante tempo e que vai se dedicar para que a popula\u00e7\u00e3o saloaense seja bem atendida. Ele falou ainda que tem uma vasta experi\u00eancia no setor p\u00fablico e privado e que isso vai o ajudar na sua gest\u00e3o. O nome de Gilmar foi aprovado por todos os vereadores, que o desejaram muita sorte e sucesso neste mais novo desafio em sua vida.<\/font><\/p>\n<p align=\"justify\"><font size=\"3\" face=\"Arial\">Ricardo disse que o nome do novo diretor foi bastante estudado e o melhor para gerir a unidade de sa\u00fade. Ap\u00f3s uma pequena reuni\u00e3o com os vereadores e secret\u00e1ria de sa\u00fade, Gilmar Marinho tomou posse e assumiu o cargo.<\/font><\/p>\n<p align=\"justify\"><font size=\"3\" face=\"Arial\"><\/font><a href=\"http:\/\/www.saloanoticias.com\/images\/salo-notcias_36c915cb3116f3d15fcb49aa8e1768c9.jpg\"><img loading=\"lazy\" decoding=\"async\" title=\"Salo&aacute; Not&iacute;cias\" style=\"border-top: 0px; border-right: 0px; background-image: none; border-bottom: 0px; float: none; padding-top: 0px; padding-left: 0px; margin: 0px auto 10px; border-left: 0px; display: block; padding-right: 0px\" border=\"0\" alt=\"Salo&aacute; Not&iacute;cias\" src=\"http:\/\/www.saloanoticias.com\/v1\/wp-content\/uploads\/imagens\/salo-notcias_thumb_9cc5baff5ec9d58cba06d20f546bea59.jpg\" width=\"607\" height=\"408\"><\/a><\/p>\n<div style=\"margin-top: 0px; margin-bottom: 0px;\" class=\"sharethis-inline-share-buttons\" ><\/div>","protected":false},"excerpt":{"rendered":"<p>O Hospital Josina Godoy na cidade de Salo\u00e1 agora tem novo diretor, \u00e9 o administrador de empresas Gilmar Marinho Dantas, funcion\u00e1rio efetivo e que j\u00e1 trabalha no munic\u00edpio h\u00e1 mais de 20 anos. Gilmar substitui o ex Eduardo Maciel. O novo diretor foi apresentado aos funcion\u00e1rios da casa ao lado do prefeito Ricardo Alves, da [&hellip;]<\/p>\n","protected":false},"author":1,"featured_media":0,"comment_status":"open","ping_status":"open","sticky":false,"template":"","format":"standard","meta":{"footnotes":""},"categories":[2],"tags":[],"class_list":["post-2115","post","type-post","status-publish","format-standard","hentry","category-noticias-do-dia"],"_links":{"self":[{"href":"https:\/\/www.saloanoticias.com\/v1\/wp-json\/wp\/v2\/posts\/2115","targetHints":{"allow":["GET"]}}],"collection":[{"href":"https:\/\/www.saloanoticias.com\/v1\/wp-json\/wp\/v2\/posts"}],"about":[{"href":"https:\/\/www.saloanoticias.com\/v1\/wp-json\/wp\/v2\/types\/post"}],"author":[{"embeddable":true,"href":"https:\/\/www.saloanoticias.com\/v1\/wp-json\/wp\/v2\/users\/1"}],"replies":[{"embeddable":true,"href":"https:\/\/www.saloanoticias.com\/v1\/wp-json\/wp\/v2\/comments?post=2115"}],"version-history":[{"count":0,"href":"https:\/\/www.saloanoticias.com\/v1\/wp-json\/wp\/v2\/posts\/2115\/revisions"}],"wp:attachment":[{"href":"https:\/\/www.saloanoticias.com\/v1\/wp-json\/wp\/v2\/media?parent=2115"}],"wp:term":[{"taxonomy":"category","embeddable":true,"href":"https:\/\/www.saloanoticias.com\/v1\/wp-json\/wp\/v2\/categories?post=2115"},{"taxonomy":"post_tag","embeddable":true,"href":"https:\/\/www.saloanoticias.com\/v1\/wp-json\/wp\/v2\/tags?post=2115"}],"curies":[{"name":"wp","href":"https:\/\/api.w.org\/{rel}","templated":true}]}}