{"id":2114,"date":"2015-09-18T13:45:00","date_gmt":"2015-09-18T13:45:00","guid":{"rendered":"https:\/\/saloanoticias.mrmediaweb.com\/v1\/2015\/09\/18\/camara-aprova-mocao-de-repudio-contra-marilia-correia\/"},"modified":"2015-09-18T13:45:00","modified_gmt":"2015-09-18T13:45:00","slug":"camara-aprova-mocao-de-repudio-contra-marilia-correia","status":"publish","type":"post","link":"https:\/\/www.saloanoticias.com\/v1\/camara-aprova-mocao-de-repudio-contra-marilia-correia\/","title":{"rendered":"C\u00c2MARA DE VEREADORES APROVA MO\u00c7\u00c3O DE REP\u00daDIO CONTRA MAR\u00cdLIA CORREIA"},"content":{"rendered":"<p align=\"justify\"><font size=\"3\" face=\"Arial\"><a href=\"http:\/\/www.saloanoticias.com\/images\/marlia-correia_be389f6af563d5944f7fca2afc2f9dca.jpg\"><img loading=\"lazy\" decoding=\"async\" title=\"Mar&iacute;lia Correia\" style=\"border-top: 0px; border-right: 0px; background-image: none; border-bottom: 0px; float: left; padding-top: 0px; padding-left: 0px; margin: 5px 5px 0px 0px; border-left: 0px; display: inline; padding-right: 0px\" border=\"0\" alt=\"Mar&iacute;lia Correia\" src=\"http:\/\/www.saloanoticias.com\/v1\/wp-content\/uploads\/imagens\/marlia-correia_thumb_57838ae87cf75d3978161526f6f3a220.jpg\" width=\"177\" align=\"left\" height=\"215\"><\/a>A C\u00e2mara dos Vereadores de Salo\u00e1 aprovou na tarde desta quinta-feira, dia 17 de setembro de 2015, uma Mo\u00e7\u00e3o de Rep\u00fadio\u201d de n.\u00ba 018\/2015 contra a Coordenadora da Coordenadoria da Mulher na cidade de Salo\u00e1, Sra. Mar\u00edlia Correia da Silva. O motivo da insatisfa\u00e7\u00e3o foi as palavras ofensivas e desrespeitosas dirigidas aos nove vereadores da casa, principalmente \u00e0s vereadoras Ana, Zenilda e Vilma. A coordenadora fez duras cr\u00edticas aos edis por conta do n\u00e3o comparecimento dos mesmos em uma confer\u00eancia realizada por ela.<\/font><\/p>\n<p align=\"justify\"><font size=\"3\" face=\"Arial\">O documento foi bastante discutido no plen\u00e1rio, aprovado e assinado por todos os vereadores e dever\u00e1 ser encaminhado ao prefeito Ricardo Alves para que tome as devidas provid\u00eancias. Nas palavras de v\u00e1rios vereadores, n\u00e3o \u00e9 de hoje que a coordenadora vem ofendendo os&nbsp; parlamentares, inclusive usando essas mesmas redes sociais para o fazer, demonstrando o seu despreparo para exercer a fun\u00e7\u00e3o onde est\u00e1. Comenta-se pelas ruas da cidade que a coordenadora pretende disputar as elei\u00e7\u00f5es do pr\u00f3ximo ano ao cargo de vereadora, e por isso, a persegui\u00e7\u00e3o contra os integrantes da c\u00e2mara.<\/font><\/p>\n<p align=\"justify\"><font size=\"3\" face=\"Arial\">Segundo as palavras de Mar\u00edlia nesta rede social, os atuais vereadores n\u00e3o merecem o voto da popula\u00e7\u00e3o. O fato \u00e9 que a insatisfa\u00e7\u00e3o foi geral na c\u00e2mara e os edis pedem provid\u00eancias, pois, como representantes do povo, exigem respeito e considera\u00e7\u00e3o. <\/font><font size=\"3\" face=\"Arial\">Obs. Este blog abre o espa\u00e7o para qualquer tipo de esclarecimento sobre este assunto, por parte de quem quer que seja.<\/font><\/p>\n<div style=\"margin-top: 0px; margin-bottom: 0px;\" class=\"sharethis-inline-share-buttons\" ><\/div>","protected":false},"excerpt":{"rendered":"<p>A C\u00e2mara dos Vereadores de Salo\u00e1 aprovou na tarde desta quinta-feira, dia 17 de setembro de 2015, uma Mo\u00e7\u00e3o de Rep\u00fadio\u201d de n.\u00ba 018\/2015 contra a Coordenadora da Coordenadoria da Mulher na cidade de Salo\u00e1, Sra. Mar\u00edlia Correia da Silva. O motivo da insatisfa\u00e7\u00e3o foi as palavras ofensivas e desrespeitosas dirigidas aos nove vereadores da [&hellip;]<\/p>\n","protected":false},"author":1,"featured_media":0,"comment_status":"open","ping_status":"open","sticky":false,"template":"","format":"standard","meta":{"footnotes":""},"categories":[2],"tags":[],"class_list":["post-2114","post","type-post","status-publish","format-standard","hentry","category-noticias-do-dia"],"_links":{"self":[{"href":"https:\/\/www.saloanoticias.com\/v1\/wp-json\/wp\/v2\/posts\/2114","targetHints":{"allow":["GET"]}}],"collection":[{"href":"https:\/\/www.saloanoticias.com\/v1\/wp-json\/wp\/v2\/posts"}],"about":[{"href":"https:\/\/www.saloanoticias.com\/v1\/wp-json\/wp\/v2\/types\/post"}],"author":[{"embeddable":true,"href":"https:\/\/www.saloanoticias.com\/v1\/wp-json\/wp\/v2\/users\/1"}],"replies":[{"embeddable":true,"href":"https:\/\/www.saloanoticias.com\/v1\/wp-json\/wp\/v2\/comments?post=2114"}],"version-history":[{"count":0,"href":"https:\/\/www.saloanoticias.com\/v1\/wp-json\/wp\/v2\/posts\/2114\/revisions"}],"wp:attachment":[{"href":"https:\/\/www.saloanoticias.com\/v1\/wp-json\/wp\/v2\/media?parent=2114"}],"wp:term":[{"taxonomy":"category","embeddable":true,"href":"https:\/\/www.saloanoticias.com\/v1\/wp-json\/wp\/v2\/categories?post=2114"},{"taxonomy":"post_tag","embeddable":true,"href":"https:\/\/www.saloanoticias.com\/v1\/wp-json\/wp\/v2\/tags?post=2114"}],"curies":[{"name":"wp","href":"https:\/\/api.w.org\/{rel}","templated":true}]}}