{"id":2113,"date":"2015-09-18T10:39:58","date_gmt":"2015-09-18T10:39:58","guid":{"rendered":"https:\/\/saloanoticias.mrmediaweb.com\/v1\/2015\/09\/18\/ex-prefeito-e-preso-por-destruir-quebra-molas-em-saloa\/"},"modified":"2015-09-18T10:39:58","modified_gmt":"2015-09-18T10:39:58","slug":"ex-prefeito-e-preso-por-destruir-quebra-molas-em-saloa","status":"publish","type":"post","link":"https:\/\/www.saloanoticias.com\/v1\/ex-prefeito-e-preso-por-destruir-quebra-molas-em-saloa\/","title":{"rendered":"EX-POL\u00cdTICO FOI DETIDO POR DESTRUI\u00c7\u00c3O DE QUEBRA-MOLAS EM IATEC\u00c1"},"content":{"rendered":"<p align=\"justify\"><font size=\"3\" face=\"Arial\"><a href=\"http:\/\/www.saloanoticias.com\/images\/1898199_899107960154772_1402233690365493707_n_895d268f232defe70403bce0a4eac80a.jpg\"><img loading=\"lazy\" decoding=\"async\" title=\"1898199_899107960154772_1402233690365493707_n\" style=\"border-left-width: 0px; border-right-width: 0px; background-image: none; border-bottom-width: 0px; float: none; padding-top: 0px; padding-left: 0px; margin: 0px auto 10px; display: block; padding-right: 0px; border-top-width: 0px\" border=\"0\" alt=\"1898199_899107960154772_1402233690365493707_n\" src=\"http:\/\/www.saloanoticias.com\/v1\/wp-content\/uploads\/imagens\/1898199_899107960154772_1402233690365493707_n_thumb_b9c82f1fd5224d0accebc1c3ce24212f.jpg\" width=\"506\" height=\"380\"><\/a>Em Salo\u00e1, cidade do Agreste Meridional Pernambucano, uma ocorr\u00eancia de dano ao patrim\u00f4nio p\u00fablico chamou a aten\u00e7\u00e3o pela forma inusitada como se processou.&nbsp; Segundo a PM, no dia 16 de setembro, por volta das 20h 40min um homem foi flagrado na Rua da Bola, Povoado Iateca, quebrando uma lombada. Ao ser indagado sobre os motivos do ato extremo, Alberto An\u00edsio Souto Godoy (Chilica), 58 anos, que \u00e9 engenheiro agr\u00f4nomo, disse que era porque sempre que seu ve\u00edculo passava pelo quebra-molas, arrastava.<\/font><\/p>\n<p align=\"justify\"><font size=\"3\" face=\"Arial\">A PM, obviamente n\u00e3o aceitou a desculpa de Alberto e o conduziu at\u00e9 Garanhuns onde, na 18\u00aa Desec (Delegacia Regional), ele foi autuado em flagrante, sendo liberado ap\u00f3s pagamento de fian\u00e7a. Imagina se Seu Alberto residisse em Garanhuns onde h\u00e1 uma s\u00e9rie de lombadas em desacordo com o que prev\u00ea a legisla\u00e7\u00e3o. Iria falta marreta para tanta irregularidade. <\/font><font size=\"3\" face=\"Arial\">Com informa\u00e7\u00f5es do VeC Garanhuns e Blog Agreste Mix<\/font><\/p>\n<div style=\"margin-top: 0px; margin-bottom: 0px;\" class=\"sharethis-inline-share-buttons\" ><\/div>","protected":false},"excerpt":{"rendered":"<p>Em Salo\u00e1, cidade do Agreste Meridional Pernambucano, uma ocorr\u00eancia de dano ao patrim\u00f4nio p\u00fablico chamou a aten\u00e7\u00e3o pela forma inusitada como se processou.&nbsp; Segundo a PM, no dia 16 de setembro, por volta das 20h 40min um homem foi flagrado na Rua da Bola, Povoado Iateca, quebrando uma lombada. Ao ser indagado sobre os motivos [&hellip;]<\/p>\n","protected":false},"author":1,"featured_media":0,"comment_status":"open","ping_status":"open","sticky":false,"template":"","format":"standard","meta":{"footnotes":""},"categories":[2],"tags":[],"class_list":["post-2113","post","type-post","status-publish","format-standard","hentry","category-noticias-do-dia"],"_links":{"self":[{"href":"https:\/\/www.saloanoticias.com\/v1\/wp-json\/wp\/v2\/posts\/2113","targetHints":{"allow":["GET"]}}],"collection":[{"href":"https:\/\/www.saloanoticias.com\/v1\/wp-json\/wp\/v2\/posts"}],"about":[{"href":"https:\/\/www.saloanoticias.com\/v1\/wp-json\/wp\/v2\/types\/post"}],"author":[{"embeddable":true,"href":"https:\/\/www.saloanoticias.com\/v1\/wp-json\/wp\/v2\/users\/1"}],"replies":[{"embeddable":true,"href":"https:\/\/www.saloanoticias.com\/v1\/wp-json\/wp\/v2\/comments?post=2113"}],"version-history":[{"count":0,"href":"https:\/\/www.saloanoticias.com\/v1\/wp-json\/wp\/v2\/posts\/2113\/revisions"}],"wp:attachment":[{"href":"https:\/\/www.saloanoticias.com\/v1\/wp-json\/wp\/v2\/media?parent=2113"}],"wp:term":[{"taxonomy":"category","embeddable":true,"href":"https:\/\/www.saloanoticias.com\/v1\/wp-json\/wp\/v2\/categories?post=2113"},{"taxonomy":"post_tag","embeddable":true,"href":"https:\/\/www.saloanoticias.com\/v1\/wp-json\/wp\/v2\/tags?post=2113"}],"curies":[{"name":"wp","href":"https:\/\/api.w.org\/{rel}","templated":true}]}}