{"id":2112,"date":"2015-09-17T10:00:00","date_gmt":"2015-09-17T10:00:00","guid":{"rendered":"https:\/\/saloanoticias.mrmediaweb.com\/v1\/2015\/09\/17\/medica-cubano-que-trabalhava-em-saloa-foge-para-os-eua\/"},"modified":"2015-09-17T10:00:00","modified_gmt":"2015-09-17T10:00:00","slug":"medica-cubano-que-trabalhava-em-saloa-foge-para-os-eua","status":"publish","type":"post","link":"https:\/\/www.saloanoticias.com\/v1\/medica-cubano-que-trabalhava-em-saloa-foge-para-os-eua\/","title":{"rendered":"M\u00c9DICA CUBANA QUE TRABALHAVA NA VILA DE IATEC\u00c1 FOGE PARA OS EUA"},"content":{"rendered":"<p align=\"justify\"><font size=\"3\" face=\"Arial\"><a href=\"http:\/\/www.saloanoticias.com\/images\/salo-noticias_f23bd0b98a08675d7a35a94f8a02672e.jpg\"><img loading=\"lazy\" decoding=\"async\" title=\"Salo&aacute; Noticias\" style=\"border-left-width: 0px; border-right-width: 0px; background-image: none; border-bottom-width: 0px; float: none; padding-top: 0px; padding-left: 0px; margin: 0px auto 10px; display: block; padding-right: 0px; border-top-width: 0px\" border=\"0\" alt=\"Salo&aacute; Noticias\" src=\"http:\/\/www.saloanoticias.com\/v1\/wp-content\/uploads\/imagens\/salo-noticias_thumb_90cd0d675e9060ecba5919c22e6c2646.jpg\" width=\"511\" height=\"364\"><\/a>A m\u00e9dica cubana, Maria Eugenia Logomasino Sanchez, que trabalhava no PSF da vila de Iatec\u00e1 (Prata) no munic\u00edpio de Salo\u00e1\/PE, esta que fazia parte do programa do governo federal \u201cMais M\u00e9dicos\u201d, ao lado de Yusniel Darias e Madelaine del Rocio, foi para os EUA. A not\u00edcia foi confirmada por pessoas pr\u00f3ximas a m\u00e9dica que n\u00e3o quiseram se identificar. Segundo nossa fonte, Maria Eug\u00eania foi embora e nem se quer se despediu de seus colegas cubanos e muito menos dos amigos que deixo na cidade.<\/font><\/p>\n<p align=\"justify\"><font size=\"3\" face=\"Arial\">Comenta-se que ela j\u00e1 se encontra na cidade de Miami\/EUA ao lado da filha e da neta. Com a sa\u00edda de Maria Eugenia, Salo\u00e1 perde uma boa m\u00e9dica e n\u00e3o se sabe ao certo se vir\u00e1 outra pessoa do programa \u201cMais M\u00e9dicos\u201d para a substituir. Eugenia j\u00e1 estava em Salo\u00e1 h\u00e1 quase tr\u00eas anos e tinha uma rotina aparentemente normal. Esse n\u00e3o \u00e9 o primeiro caso de fuga de cubanos para outros pa\u00edses, principalmente Estados Unidos, por conta do regime r\u00edgido do pa\u00eds comandado pelo irm\u00e3o de Fidel Castro.<\/font><\/p>\n<p align=\"justify\"><font size=\"3\" face=\"Arial\">Pelo regime cubano as pessoas que agem dessa forma n\u00e3o pode mais voltar ao seu pa\u00eds de origem e muito menos exercer a sua profiss\u00e3o nos EUA, o que de fato ser\u00e1 muito ruim para ela. Comenta-se ainda na cidade que ela n\u00e3o estava suportando a saudade de sua filha e da neta, ai decidiu abandonar tudo, j\u00e1 que as mesmas n\u00e3o poderiam ficar juntas aqui no Brasil. Na foto acima, vemos Maria Eugenia e sua filha Lianet Arias.<\/font><\/p>\n<div style=\"margin-top: 0px; margin-bottom: 0px;\" class=\"sharethis-inline-share-buttons\" ><\/div>","protected":false},"excerpt":{"rendered":"<p>A m\u00e9dica cubana, Maria Eugenia Logomasino Sanchez, que trabalhava no PSF da vila de Iatec\u00e1 (Prata) no munic\u00edpio de Salo\u00e1\/PE, esta que fazia parte do programa do governo federal \u201cMais M\u00e9dicos\u201d, ao lado de Yusniel Darias e Madelaine del Rocio, foi para os EUA. A not\u00edcia foi confirmada por pessoas pr\u00f3ximas a m\u00e9dica que n\u00e3o [&hellip;]<\/p>\n","protected":false},"author":1,"featured_media":0,"comment_status":"open","ping_status":"open","sticky":false,"template":"","format":"standard","meta":{"footnotes":""},"categories":[2],"tags":[],"class_list":["post-2112","post","type-post","status-publish","format-standard","hentry","category-noticias-do-dia"],"_links":{"self":[{"href":"https:\/\/www.saloanoticias.com\/v1\/wp-json\/wp\/v2\/posts\/2112","targetHints":{"allow":["GET"]}}],"collection":[{"href":"https:\/\/www.saloanoticias.com\/v1\/wp-json\/wp\/v2\/posts"}],"about":[{"href":"https:\/\/www.saloanoticias.com\/v1\/wp-json\/wp\/v2\/types\/post"}],"author":[{"embeddable":true,"href":"https:\/\/www.saloanoticias.com\/v1\/wp-json\/wp\/v2\/users\/1"}],"replies":[{"embeddable":true,"href":"https:\/\/www.saloanoticias.com\/v1\/wp-json\/wp\/v2\/comments?post=2112"}],"version-history":[{"count":0,"href":"https:\/\/www.saloanoticias.com\/v1\/wp-json\/wp\/v2\/posts\/2112\/revisions"}],"wp:attachment":[{"href":"https:\/\/www.saloanoticias.com\/v1\/wp-json\/wp\/v2\/media?parent=2112"}],"wp:term":[{"taxonomy":"category","embeddable":true,"href":"https:\/\/www.saloanoticias.com\/v1\/wp-json\/wp\/v2\/categories?post=2112"},{"taxonomy":"post_tag","embeddable":true,"href":"https:\/\/www.saloanoticias.com\/v1\/wp-json\/wp\/v2\/tags?post=2112"}],"curies":[{"name":"wp","href":"https:\/\/api.w.org\/{rel}","templated":true}]}}