{"id":2111,"date":"2015-09-16T23:27:09","date_gmt":"2015-09-16T23:27:09","guid":{"rendered":"https:\/\/saloanoticias.mrmediaweb.com\/v1\/2015\/09\/16\/governo-altera-dados-oficiais-sobre-o-bolsa-familia-diz-revista-veja\/"},"modified":"2015-09-16T23:27:09","modified_gmt":"2015-09-16T23:27:09","slug":"governo-altera-dados-oficiais-sobre-o-bolsa-familia-diz-revista-veja","status":"publish","type":"post","link":"https:\/\/www.saloanoticias.com\/v1\/governo-altera-dados-oficiais-sobre-o-bolsa-familia-diz-revista-veja\/","title":{"rendered":"GOVERNO ALTERA DADOS OFICIAIS SOBRE O BOLSA FAM\u00cdLIA, DIZ REVISTA  VEJA"},"content":{"rendered":"<p align=\"justify\"><font size=\"3\" face=\"Arial\"><a href=\"http:\/\/www.saloanoticias.com\/images\/salo-notcias_89b16950d6f004a82b814f1dd26ba4de.jpg\"><img loading=\"lazy\" decoding=\"async\" title=\"Salo&aacute; Not&iacute;cias\" style=\"border-top: 0px; border-right: 0px; background-image: none; border-bottom: 0px; float: left; padding-top: 0px; padding-left: 0px; margin: 5px 5px 10px 0px; border-left: 0px; display: inline; padding-right: 0px\" border=\"0\" alt=\"Salo&aacute; Not&iacute;cias\" src=\"http:\/\/www.saloanoticias.com\/v1\/wp-content\/uploads\/imagens\/salo-notcias_thumb_4f22130cf51d3d15402912d61aaef377.jpg\" width=\"213\" align=\"left\" height=\"223\"><\/a>O governo alterou dados oficiais, p\u00fablicos, depois que uma <\/font><a href=\"http:\/\/veja.abril.com.br\/noticia\/brasil\/governo-ja-cortou-quase-800-mil-familias-do-bolsa-familia\"><font size=\"3\" face=\"Arial\">reportagem de VEJA<\/font><\/a><font size=\"3\" face=\"Arial\"> mostrou que quase 800 000 fam\u00edlias perderam o Bolsa Fam\u00edlia entre dezembro do ano passado e julho deste ano. Al\u00e9m disso, retirou do site do Minist\u00e9rio do Desenvolvimento Social o link para a consulta desses dados. O link s\u00f3 voltou ao ar depois de a revista ter questionado o motivo do sumi\u00e7o. <\/font><font size=\"3\" face=\"Arial\">At\u00e9 a semana passada, uma p\u00e1gina do site do Minist\u00e9rio do Desenvolvimento Social direcionava para o site da Caixa quem quisesse consultar o n\u00famero oficial de fam\u00edlias beneficiadas pelo Bolsa Fam\u00edlia.<\/font> <\/p>\n<p align=\"justify\"><font size=\"3\" face=\"Arial\">O banco \u00e9 o respons\u00e1vel por fazer o pagamento do benef\u00edcio. No site da Caixa, os dados referentes a julho deste ano mostravam um total de 13 221 128 fam\u00edlias beneficiadas &#8211; essa informa\u00e7\u00e3o foi utilizada na reportagem de VEJA, que mostrou a queda nos benefici\u00e1rios baseada na informa\u00e7\u00e3o, tamb\u00e9m fornecida pelo minist\u00e9rio, de que eram 14 003 441 as fam\u00edlias autorizadas a receber o dinheiro em dezembro. <\/font><font size=\"3\" face=\"Arial\">Ontem, no entanto, o governo &#8211; que divulgou nota na segunda-feira contestando a reportagem de VEJA &#8212; alterou os dados sem nenhuma explica\u00e7\u00e3o.<\/font> <\/p>\n<p align=\"justify\"><font size=\"3\" face=\"Arial\">Depois de ficar fora do ar por algumas horas, o site da Caixa voltou exibindo um n\u00famero diferente de beneficiados em julho: 13 827 369 (<em>veja nesta p\u00e1gina as duas imagens do site, antes e depois da publica\u00e7\u00e3o da reportagem<\/em>). Com esse novo dado, o n\u00famero de fam\u00edlias favorecidas pelo programa se mant\u00e9m praticamente est\u00e1vel, em vez de diminuir. Fonte: Veja.com<\/font><\/p>\n<div style=\"margin-top: 0px; margin-bottom: 0px;\" class=\"sharethis-inline-share-buttons\" ><\/div>","protected":false},"excerpt":{"rendered":"<p>O governo alterou dados oficiais, p\u00fablicos, depois que uma reportagem de VEJA mostrou que quase 800 000 fam\u00edlias perderam o Bolsa Fam\u00edlia entre dezembro do ano passado e julho deste ano. Al\u00e9m disso, retirou do site do Minist\u00e9rio do Desenvolvimento Social o link para a consulta desses dados. O link s\u00f3 voltou ao ar depois [&hellip;]<\/p>\n","protected":false},"author":1,"featured_media":0,"comment_status":"open","ping_status":"open","sticky":false,"template":"","format":"standard","meta":{"footnotes":""},"categories":[2],"tags":[],"class_list":["post-2111","post","type-post","status-publish","format-standard","hentry","category-noticias-do-dia"],"_links":{"self":[{"href":"https:\/\/www.saloanoticias.com\/v1\/wp-json\/wp\/v2\/posts\/2111","targetHints":{"allow":["GET"]}}],"collection":[{"href":"https:\/\/www.saloanoticias.com\/v1\/wp-json\/wp\/v2\/posts"}],"about":[{"href":"https:\/\/www.saloanoticias.com\/v1\/wp-json\/wp\/v2\/types\/post"}],"author":[{"embeddable":true,"href":"https:\/\/www.saloanoticias.com\/v1\/wp-json\/wp\/v2\/users\/1"}],"replies":[{"embeddable":true,"href":"https:\/\/www.saloanoticias.com\/v1\/wp-json\/wp\/v2\/comments?post=2111"}],"version-history":[{"count":0,"href":"https:\/\/www.saloanoticias.com\/v1\/wp-json\/wp\/v2\/posts\/2111\/revisions"}],"wp:attachment":[{"href":"https:\/\/www.saloanoticias.com\/v1\/wp-json\/wp\/v2\/media?parent=2111"}],"wp:term":[{"taxonomy":"category","embeddable":true,"href":"https:\/\/www.saloanoticias.com\/v1\/wp-json\/wp\/v2\/categories?post=2111"},{"taxonomy":"post_tag","embeddable":true,"href":"https:\/\/www.saloanoticias.com\/v1\/wp-json\/wp\/v2\/tags?post=2111"}],"curies":[{"name":"wp","href":"https:\/\/api.w.org\/{rel}","templated":true}]}}