{"id":2108,"date":"2015-09-15T16:55:39","date_gmt":"2015-09-15T16:55:39","guid":{"rendered":"https:\/\/saloanoticias.mrmediaweb.com\/v1\/2015\/09\/15\/morre-a-segunda-vitima-do-acidente-de-moto-em-saloa\/"},"modified":"2015-09-15T16:55:39","modified_gmt":"2015-09-15T16:55:39","slug":"morre-a-segunda-vitima-do-acidente-de-moto-em-saloa","status":"publish","type":"post","link":"https:\/\/www.saloanoticias.com\/v1\/morre-a-segunda-vitima-do-acidente-de-moto-em-saloa\/","title":{"rendered":"MORRE A SEGUNDA V\u00cdTIMA DO ACIDENTE DE MOTO EM SALO\u00c1"},"content":{"rendered":"<p align=\"justify\"><font size=\"3\" face=\"Arial\"><a href=\"http:\/\/www.saloanoticias.com\/images\/salo-noticias_2747be93bd7538f9e1a5c579c6ad96b8.jpg\"><img loading=\"lazy\" decoding=\"async\" title=\"Salo&aacute; Noticias\" style=\"border-top: 0px; border-right: 0px; background-image: none; border-bottom: 0px; float: none; padding-top: 0px; padding-left: 0px; margin: 0px auto 10px; border-left: 0px; display: block; padding-right: 0px\" border=\"0\" alt=\"Salo&aacute; Noticias\" src=\"http:\/\/www.saloanoticias.com\/v1\/wp-content\/uploads\/imagens\/salo-noticias_thumb_87c2331ef42d65be56492568799f4ef3.jpg\" width=\"457\" height=\"402\"><\/a>Faleceu ontem por volta das 22:00 horas, Manoel Evanio Ferreira da Silva, a segunda v\u00edtima fatal do acidente de moto ocorrido por volta das 18:00 horas nas proximidades do s\u00edtio Santa Tereza na zona rural de Salo\u00e1\/PE. Evanio havia sido socorrido e encaminhado para a capital do estado, mas, infelizmente n\u00e3o resistiu aos ferimentos e veio a \u00f3bito. Tr\u00eas irm\u00e3o estavam envolvidos neste tr\u00e1gico acidente e dois vieram a falecer para desespero da fam\u00edlia. Pelas informa\u00e7\u00f5es que nos foram repassadas na manh\u00e3 desta ter\u00e7a-feira (15), o corpo de Manoel Evanio Ferreira da Silva ainda est\u00e1 no IML de Caruaru e dever\u00e1 sepultado na manh\u00e3 desta quarta (16).<\/font><\/p>\n<div style=\"margin-top: 0px; margin-bottom: 0px;\" class=\"sharethis-inline-share-buttons\" ><\/div>","protected":false},"excerpt":{"rendered":"<p>Faleceu ontem por volta das 22:00 horas, Manoel Evanio Ferreira da Silva, a segunda v\u00edtima fatal do acidente de moto ocorrido por volta das 18:00 horas nas proximidades do s\u00edtio Santa Tereza na zona rural de Salo\u00e1\/PE. Evanio havia sido socorrido e encaminhado para a capital do estado, mas, infelizmente n\u00e3o resistiu aos ferimentos e [&hellip;]<\/p>\n","protected":false},"author":1,"featured_media":0,"comment_status":"open","ping_status":"open","sticky":false,"template":"","format":"standard","meta":{"footnotes":""},"categories":[2],"tags":[],"class_list":["post-2108","post","type-post","status-publish","format-standard","hentry","category-noticias-do-dia"],"_links":{"self":[{"href":"https:\/\/www.saloanoticias.com\/v1\/wp-json\/wp\/v2\/posts\/2108","targetHints":{"allow":["GET"]}}],"collection":[{"href":"https:\/\/www.saloanoticias.com\/v1\/wp-json\/wp\/v2\/posts"}],"about":[{"href":"https:\/\/www.saloanoticias.com\/v1\/wp-json\/wp\/v2\/types\/post"}],"author":[{"embeddable":true,"href":"https:\/\/www.saloanoticias.com\/v1\/wp-json\/wp\/v2\/users\/1"}],"replies":[{"embeddable":true,"href":"https:\/\/www.saloanoticias.com\/v1\/wp-json\/wp\/v2\/comments?post=2108"}],"version-history":[{"count":0,"href":"https:\/\/www.saloanoticias.com\/v1\/wp-json\/wp\/v2\/posts\/2108\/revisions"}],"wp:attachment":[{"href":"https:\/\/www.saloanoticias.com\/v1\/wp-json\/wp\/v2\/media?parent=2108"}],"wp:term":[{"taxonomy":"category","embeddable":true,"href":"https:\/\/www.saloanoticias.com\/v1\/wp-json\/wp\/v2\/categories?post=2108"},{"taxonomy":"post_tag","embeddable":true,"href":"https:\/\/www.saloanoticias.com\/v1\/wp-json\/wp\/v2\/tags?post=2108"}],"curies":[{"name":"wp","href":"https:\/\/api.w.org\/{rel}","templated":true}]}}