{"id":2107,"date":"2015-09-14T21:50:02","date_gmt":"2015-09-14T21:50:02","guid":{"rendered":"https:\/\/saloanoticias.mrmediaweb.com\/v1\/2015\/09\/14\/acidente-de-moto-deixa-um-morto-e-dois-gravemente-ferido-em-saloa\/"},"modified":"2015-09-14T21:50:02","modified_gmt":"2015-09-14T21:50:02","slug":"acidente-de-moto-deixa-um-morto-e-dois-gravemente-ferido-em-saloa","status":"publish","type":"post","link":"https:\/\/www.saloanoticias.com\/v1\/acidente-de-moto-deixa-um-morto-e-dois-gravemente-ferido-em-saloa\/","title":{"rendered":"ACIDENTE DE MOTO DEIXA UM MORTO E DOIS GRAVEMENTE FERIDOS EM SALO\u00c1"},"content":{"rendered":"<p align=\"justify\"><font size=\"3\" face=\"Arial\"><a href=\"http:\/\/www.saloanoticias.com\/images\/1898199_899107960154772_1402233690365493707_n_859d537f63cd06e64d8fc37c6926e026.jpg\"><img loading=\"lazy\" decoding=\"async\" title=\"1898199_899107960154772_1402233690365493707_n\" style=\"border-top: 0px; border-right: 0px; background-image: none; border-bottom: 0px; float: none; padding-top: 0px; padding-left: 0px; margin: 0px auto 10px; border-left: 0px; display: block; padding-right: 0px\" border=\"0\" alt=\"1898199_899107960154772_1402233690365493707_n\" src=\"http:\/\/www.saloanoticias.com\/v1\/wp-content\/uploads\/imagens\/1898199_899107960154772_1402233690365493707_n_thumb_9c38702e08add0a429ed0c6416ccf11b.jpg\" width=\"471\" height=\"477\"><\/a>Um tr\u00e1gico acidente aconteceu no final da tarde desta segunda-feria (14), por volta das 18:00 horas <\/font><font size=\"3\" face=\"Arial\">no s\u00edtio Santa Tereza, zona rural do munic\u00edpio de Salo\u00e1\/PE, deixando pelo menos um morto e dois gravemente feridos. Pelas informa\u00e7\u00f5es colhidas pelo nosso blog, as tr\u00eas pessoas s\u00e3o: Sandro Ferreira de Ara\u00fajo, Manoel <\/font><font size=\"3\" face=\"Arial\">Evanio Ferreira da Silva e Vando Ferreira da Silva, todos <\/font><font size=\"3\" face=\"Arial\">eram irm\u00e3os e <\/font><font size=\"3\" face=\"Arial\">foram v\u00edtimas de uma colis\u00e3o entre duas motos. Todos<\/font><font size=\"3\" face=\"Arial\"> os envolvidos <\/font><font size=\"3\" face=\"Arial\">s\u00e3o sobrinhos do Sr. Jos\u00e9 Paci\u00eancia, morador do s\u00edtio Jacinto nesta cidade. <\/font><\/p>\n<p align=\"justify\"><a href=\"http:\/\/www.saloanoticias.com\/images\/salo-notcias_14c0df3ad594ab32e9e29a1b06565172.jpg\"><img loading=\"lazy\" decoding=\"async\" title=\"Salo&aacute; Not&iacute;cias\" style=\"border-top: 0px; border-right: 0px; background-image: none; border-bottom: 0px; float: none; padding-top: 0px; padding-left: 0px; margin-left: auto; border-left: 0px; display: block; padding-right: 0px; margin-right: auto\" border=\"0\" alt=\"Salo&aacute; Not&iacute;cias\" src=\"http:\/\/www.saloanoticias.com\/v1\/wp-content\/uploads\/imagens\/salo-notcias_thumb_7c7bec4e6cc7e0f60adf1f3ebd2e2849.jpg\" width=\"468\" height=\"624\"><\/a><\/p>\n<p align=\"justify\"><font size=\"3\" face=\"Arial\">Os tr\u00eas foram encaminhados para o Hospital Josina Godoy e por conta da gravidade dos ferimentos foram transferidos para Garanhuns<\/font>. <font size=\"3\" face=\"Arial\">I<\/font><font size=\"3\" face=\"Arial\">nfelizmente, um dos rapazes, Sandro Ferreira de Ara\u00fajo <\/font><font size=\"3\" face=\"Arial\">veio a \u00f3bito no Dom Moura, outro foi levado para o Hospital da Restaura\u00e7\u00e3o no Recife e ainda o terceiro sofreu graves fraturas expostas e tamb\u00e9m est\u00e1 em Garanhuns\/PE. A qualquer momento traremos mais informa\u00e7\u00f5es sobre este assunto com mais detalhes<\/font><font size=\"3\" face=\"Arial\">. Fotos colhidas logo depois do acidente.<\/font><\/p>\n<p align=\"justify\"><font size=\"3\" face=\"Arial\"><a href=\"http:\/\/www.saloanoticias.com\/images\/11036798_899107880154780_7731325760023654438_n_73f9cb1ae57bad84f10c4df7961fd5de.jpg\"><img loading=\"lazy\" decoding=\"async\" title=\"11036798_899107880154780_7731325760023654438_n\" style=\"border-top: 0px; border-right: 0px; background-image: none; border-bottom: 0px; float: none; padding-top: 0px; padding-left: 0px; margin-left: auto; border-left: 0px; display: block; padding-right: 0px; margin-right: auto\" border=\"0\" alt=\"11036798_899107880154780_7731325760023654438_n\" src=\"http:\/\/www.saloanoticias.com\/v1\/wp-content\/uploads\/imagens\/11036798_899107880154780_7731325760023654438_n_thumb_f52d0f828c6e002aaabf601548e5b46d.jpg\" width=\"471\" height=\"626\"><\/a><\/font><\/p>\n<p align=\"justify\"><font size=\"3\" face=\"Arial\"><a href=\"http:\/\/www.saloanoticias.com\/images\/salo-noticias_8f4eb9b30e939a95336a1c4ca56a1278.jpg\"><img loading=\"lazy\" decoding=\"async\" title=\"Salo&aacute; Noticias\" style=\"border-top: 0px; border-right: 0px; background-image: none; border-bottom: 0px; float: none; padding-top: 0px; padding-left: 0px; margin-left: auto; border-left: 0px; display: block; padding-right: 0px; margin-right: auto\" border=\"0\" alt=\"Salo&aacute; Noticias\" src=\"http:\/\/www.saloanoticias.com\/v1\/wp-content\/uploads\/imagens\/salo-noticias_thumb_08350a110c4662e0d43722195a82fb56.jpg\" width=\"471\" height=\"628\"><\/a><\/font><\/p>\n<div style=\"margin-top: 0px; margin-bottom: 0px;\" class=\"sharethis-inline-share-buttons\" ><\/div>","protected":false},"excerpt":{"rendered":"<p>Um tr\u00e1gico acidente aconteceu no final da tarde desta segunda-feria (14), por volta das 18:00 horas no s\u00edtio Santa Tereza, zona rural do munic\u00edpio de Salo\u00e1\/PE, deixando pelo menos um morto e dois gravemente feridos. Pelas informa\u00e7\u00f5es colhidas pelo nosso blog, as tr\u00eas pessoas s\u00e3o: Sandro Ferreira de Ara\u00fajo, Manoel Evanio Ferreira da Silva e [&hellip;]<\/p>\n","protected":false},"author":1,"featured_media":0,"comment_status":"open","ping_status":"open","sticky":false,"template":"","format":"standard","meta":{"footnotes":""},"categories":[2],"tags":[],"class_list":["post-2107","post","type-post","status-publish","format-standard","hentry","category-noticias-do-dia"],"_links":{"self":[{"href":"https:\/\/www.saloanoticias.com\/v1\/wp-json\/wp\/v2\/posts\/2107","targetHints":{"allow":["GET"]}}],"collection":[{"href":"https:\/\/www.saloanoticias.com\/v1\/wp-json\/wp\/v2\/posts"}],"about":[{"href":"https:\/\/www.saloanoticias.com\/v1\/wp-json\/wp\/v2\/types\/post"}],"author":[{"embeddable":true,"href":"https:\/\/www.saloanoticias.com\/v1\/wp-json\/wp\/v2\/users\/1"}],"replies":[{"embeddable":true,"href":"https:\/\/www.saloanoticias.com\/v1\/wp-json\/wp\/v2\/comments?post=2107"}],"version-history":[{"count":0,"href":"https:\/\/www.saloanoticias.com\/v1\/wp-json\/wp\/v2\/posts\/2107\/revisions"}],"wp:attachment":[{"href":"https:\/\/www.saloanoticias.com\/v1\/wp-json\/wp\/v2\/media?parent=2107"}],"wp:term":[{"taxonomy":"category","embeddable":true,"href":"https:\/\/www.saloanoticias.com\/v1\/wp-json\/wp\/v2\/categories?post=2107"},{"taxonomy":"post_tag","embeddable":true,"href":"https:\/\/www.saloanoticias.com\/v1\/wp-json\/wp\/v2\/tags?post=2107"}],"curies":[{"name":"wp","href":"https:\/\/api.w.org\/{rel}","templated":true}]}}