{"id":2106,"date":"2015-09-14T15:00:00","date_gmt":"2015-09-14T15:00:00","guid":{"rendered":"https:\/\/saloanoticias.mrmediaweb.com\/v1\/2015\/09\/14\/adalto-guimaraes-concorre-a-uma-das-vagas-do-conselho-tutelar-em-saloa\/"},"modified":"2015-09-14T15:00:00","modified_gmt":"2015-09-14T15:00:00","slug":"adalto-guimaraes-concorre-a-uma-das-vagas-do-conselho-tutelar-em-saloa","status":"publish","type":"post","link":"https:\/\/www.saloanoticias.com\/v1\/adalto-guimaraes-concorre-a-uma-das-vagas-do-conselho-tutelar-em-saloa\/","title":{"rendered":"ADALTO GUIMAR\u00c3ES CONCORRE A UMA DAS VAGAS DO CONSELHO TUTELAR EM SALO\u00c1"},"content":{"rendered":"<p align=\"justify\"><font size=\"3\" face=\"Arial\"><a href=\"http:\/\/www.saloanoticias.com\/images\/salo_316c9128f2bdc7d311d954737230ff04.jpg\"><img loading=\"lazy\" decoding=\"async\" title=\"Salo&aacute;\" style=\"border-left-width: 0px; border-right-width: 0px; background-image: none; border-bottom-width: 0px; float: left; padding-top: 0px; padding-left: 0px; margin: 5px 5px 0px 0px; display: inline; padding-right: 0px; border-top-width: 0px\" border=\"0\" alt=\"Salo&aacute;\" src=\"http:\/\/www.saloanoticias.com\/v1\/wp-content\/uploads\/imagens\/salo_thumb_4ea7569e1236ee250183c4bb95a9bc4c.jpg\" width=\"186\" align=\"left\" height=\"218\"><\/a>O jovem Adalto Guimar\u00e3es \u00e9 um dos candidatos ao Conselho Tutelar na cidade de Salo\u00e1\/PE. Ele \u00e9 bastante conhecido no munic\u00edpio e conta com o apoio dos amigos e demais pessoas para chegar entre os cinco primeiros colocados na elei\u00e7\u00e3o do dia 04 de outubro, e assim, mostrar seu trabalho junto \u00e0s crian\u00e7as e adolescentes do munic\u00edpio. Segundo Adalto, n\u00e3o basta apenas vencer as elei\u00e7\u00f5es para ser um bom conselheiro, tem que fazer o trabalho com muito amor e dedica\u00e7\u00e3o, sempre visando ajudar os nossos jovens.<\/font><\/p>\n<p align=\"justify\"><font size=\"3\" face=\"Arial\">Segundo ele, \u00e9 necess\u00e1rio haver um aconselhamento, levando uma palavra de orienta\u00e7\u00e3o aos pais e filhos, no sentido de dirimir os problemas existentes no meio das fam\u00edlias. <\/font><font size=\"3\" face=\"Arial\">Adalto vai disputar as elei\u00e7\u00f5es com o n\u00famero 06. Lembramos que podem votar as pessoas que possu\u00edrem t\u00edtulo de eleitor e documento com foto. <strong>ADALTO GUIMAR\u00c3ES, UM JOVEM LUTANDO PELOS JOVENS DE SALO\u00c1 !<\/strong><\/font><\/p>\n<div style=\"margin-top: 0px; margin-bottom: 0px;\" class=\"sharethis-inline-share-buttons\" ><\/div>","protected":false},"excerpt":{"rendered":"<p>O jovem Adalto Guimar\u00e3es \u00e9 um dos candidatos ao Conselho Tutelar na cidade de Salo\u00e1\/PE. Ele \u00e9 bastante conhecido no munic\u00edpio e conta com o apoio dos amigos e demais pessoas para chegar entre os cinco primeiros colocados na elei\u00e7\u00e3o do dia 04 de outubro, e assim, mostrar seu trabalho junto \u00e0s crian\u00e7as e adolescentes [&hellip;]<\/p>\n","protected":false},"author":1,"featured_media":0,"comment_status":"open","ping_status":"open","sticky":false,"template":"","format":"standard","meta":{"footnotes":""},"categories":[2],"tags":[],"class_list":["post-2106","post","type-post","status-publish","format-standard","hentry","category-noticias-do-dia"],"_links":{"self":[{"href":"https:\/\/www.saloanoticias.com\/v1\/wp-json\/wp\/v2\/posts\/2106","targetHints":{"allow":["GET"]}}],"collection":[{"href":"https:\/\/www.saloanoticias.com\/v1\/wp-json\/wp\/v2\/posts"}],"about":[{"href":"https:\/\/www.saloanoticias.com\/v1\/wp-json\/wp\/v2\/types\/post"}],"author":[{"embeddable":true,"href":"https:\/\/www.saloanoticias.com\/v1\/wp-json\/wp\/v2\/users\/1"}],"replies":[{"embeddable":true,"href":"https:\/\/www.saloanoticias.com\/v1\/wp-json\/wp\/v2\/comments?post=2106"}],"version-history":[{"count":0,"href":"https:\/\/www.saloanoticias.com\/v1\/wp-json\/wp\/v2\/posts\/2106\/revisions"}],"wp:attachment":[{"href":"https:\/\/www.saloanoticias.com\/v1\/wp-json\/wp\/v2\/media?parent=2106"}],"wp:term":[{"taxonomy":"category","embeddable":true,"href":"https:\/\/www.saloanoticias.com\/v1\/wp-json\/wp\/v2\/categories?post=2106"},{"taxonomy":"post_tag","embeddable":true,"href":"https:\/\/www.saloanoticias.com\/v1\/wp-json\/wp\/v2\/tags?post=2106"}],"curies":[{"name":"wp","href":"https:\/\/api.w.org\/{rel}","templated":true}]}}