{"id":2105,"date":"2015-09-14T20:00:00","date_gmt":"2015-09-14T20:00:00","guid":{"rendered":"https:\/\/saloanoticias.mrmediaweb.com\/v1\/2015\/09\/14\/festa-de-sao-vicente-comeca-no-dia-18\/"},"modified":"2015-09-14T20:00:00","modified_gmt":"2015-09-14T20:00:00","slug":"festa-de-sao-vicente-comeca-no-dia-18","status":"publish","type":"post","link":"https:\/\/www.saloanoticias.com\/v1\/festa-de-sao-vicente-comeca-no-dia-18\/","title":{"rendered":"FESTA DE S\u00c3O VICENTE COME\u00c7A SEXTA, DIA 18 DE SETEMBRO"},"content":{"rendered":"<p align=\"justify\"><font size=\"3\" face=\"Arial\"><a href=\"http:\/\/www.saloanoticias.com\/images\/so-vicente-de-paulo.jpg\"><img loading=\"lazy\" decoding=\"async\" title=\"S&atilde;o Vicente de Paulo\" style=\"border-left-width: 0px; border-right-width: 0px; background-image: none; border-bottom-width: 0px; float: left; padding-top: 0px; padding-left: 0px; margin: 5px 5px 0px 0px; display: inline; padding-right: 0px; border-top-width: 0px\" border=\"0\" alt=\"S&atilde;o Vicente de Paulo\" src=\"http:\/\/www.saloanoticias.com\/v1\/wp-content\/uploads\/imagens\/so-vicente-de-paulo_thumb.jpg\" width=\"240\" align=\"left\" height=\"200\"><\/a>Come\u00e7a na pr\u00f3xima sexta-feira, dia 18 de setembro, mais uma edi\u00e7\u00e3o da tradicional festa do padroeiro S\u00e3o Vicente de Paulo na cidade de Salo\u00e1\/PE. Ser\u00e3o dez dias de festa que se encerrar\u00e3o no s\u00e1bado dia 27\/09. Na grade de programa\u00e7\u00e3o constam missas, prociss\u00f5es, quermesses, batizados, bingo beneficente, leil\u00e3o de prendas al\u00e9m de shows religiosos. <\/font><font size=\"3\" face=\"Arial\">A programa\u00e7\u00e3o oficial completa j\u00e1 est\u00e1 dispon\u00edvel na matriz da par\u00f3quia e relaciona a escala dos noiteiros que se far\u00e3o presentes em cada dia da festa.<\/font><\/p>\n<p align=\"justify\"><a href=\"http:\/\/www.saloanoticias.com\/images\/saov2015.jpg\"><img loading=\"lazy\" decoding=\"async\" title=\"SaoV2015\" style=\"border-left-width: 0px; border-right-width: 0px; background-image: none; border-bottom-width: 0px; float: none; padding-top: 0px; padding-left: 0px; margin: 10px auto 0px; display: block; padding-right: 0px; border-top-width: 0px\" border=\"0\" alt=\"SaoV2015\" src=\"http:\/\/www.saloanoticias.com\/v1\/wp-content\/uploads\/imagens\/saov2015_thumb.jpg\" width=\"371\" height=\"524\"><\/a><\/p>\n<div style=\"margin-top: 0px; margin-bottom: 0px;\" class=\"sharethis-inline-share-buttons\" ><\/div>","protected":false},"excerpt":{"rendered":"<p>Come\u00e7a na pr\u00f3xima sexta-feira, dia 18 de setembro, mais uma edi\u00e7\u00e3o da tradicional festa do padroeiro S\u00e3o Vicente de Paulo na cidade de Salo\u00e1\/PE. Ser\u00e3o dez dias de festa que se encerrar\u00e3o no s\u00e1bado dia 27\/09. Na grade de programa\u00e7\u00e3o constam missas, prociss\u00f5es, quermesses, batizados, bingo beneficente, leil\u00e3o de prendas al\u00e9m de shows religiosos. A [&hellip;]<\/p>\n","protected":false},"author":1,"featured_media":0,"comment_status":"open","ping_status":"open","sticky":false,"template":"","format":"standard","meta":{"footnotes":""},"categories":[2],"tags":[],"class_list":["post-2105","post","type-post","status-publish","format-standard","hentry","category-noticias-do-dia"],"_links":{"self":[{"href":"https:\/\/www.saloanoticias.com\/v1\/wp-json\/wp\/v2\/posts\/2105","targetHints":{"allow":["GET"]}}],"collection":[{"href":"https:\/\/www.saloanoticias.com\/v1\/wp-json\/wp\/v2\/posts"}],"about":[{"href":"https:\/\/www.saloanoticias.com\/v1\/wp-json\/wp\/v2\/types\/post"}],"author":[{"embeddable":true,"href":"https:\/\/www.saloanoticias.com\/v1\/wp-json\/wp\/v2\/users\/1"}],"replies":[{"embeddable":true,"href":"https:\/\/www.saloanoticias.com\/v1\/wp-json\/wp\/v2\/comments?post=2105"}],"version-history":[{"count":0,"href":"https:\/\/www.saloanoticias.com\/v1\/wp-json\/wp\/v2\/posts\/2105\/revisions"}],"wp:attachment":[{"href":"https:\/\/www.saloanoticias.com\/v1\/wp-json\/wp\/v2\/media?parent=2105"}],"wp:term":[{"taxonomy":"category","embeddable":true,"href":"https:\/\/www.saloanoticias.com\/v1\/wp-json\/wp\/v2\/categories?post=2105"},{"taxonomy":"post_tag","embeddable":true,"href":"https:\/\/www.saloanoticias.com\/v1\/wp-json\/wp\/v2\/tags?post=2105"}],"curies":[{"name":"wp","href":"https:\/\/api.w.org\/{rel}","templated":true}]}}