{"id":2104,"date":"2015-09-14T01:00:00","date_gmt":"2015-09-14T01:00:00","guid":{"rendered":"https:\/\/saloanoticias.mrmediaweb.com\/v1\/2015\/09\/14\/dilma-ja-cortou-800-mil-familias-do-bolsa-familia\/"},"modified":"2015-09-14T01:00:00","modified_gmt":"2015-09-14T01:00:00","slug":"dilma-ja-cortou-800-mil-familias-do-bolsa-familia","status":"publish","type":"post","link":"https:\/\/www.saloanoticias.com\/v1\/dilma-ja-cortou-800-mil-familias-do-bolsa-familia\/","title":{"rendered":"BOLSA FAM\u00cdLIA TEVE 800 MIL CORTES EM TODO O BRASIL, SEGUNDO REVISTA VEJA"},"content":{"rendered":"<p align=\"justify\"><font size=\"3\" face=\"Arial\"><a href=\"http:\/\/www.saloanoticias.com\/images\/programas-sociais-0083-jpg-original.jpg\"><img loading=\"lazy\" decoding=\"async\" title=\"programas-sociais-0083-jpg-original\" style=\"border-left-width: 0px; border-right-width: 0px; background-image: none; border-bottom-width: 0px; float: none; padding-top: 0px; padding-left: 0px; margin: 0px auto 10px; display: block; padding-right: 0px; border-top-width: 0px\" border=\"0\" alt=\"programas-sociais-0083-jpg-original\" src=\"http:\/\/www.saloanoticias.com\/v1\/wp-content\/uploads\/imagens\/programas-sociais-0083-jpg-original_thumb.jpg\" width=\"511\" height=\"383\"><\/a>Os novos retirantes \u2013 Desde maio, o agricultor Osmar de Oliveira n\u00e3o recebe mais os 309 reais a que tinha direito pelo Bolsa Fam\u00edlia. A moto estacionada na frente da casa, ou o fato de sua m\u00e3e, que mora no mesmo terreno, receber aposentadoria do INSS, pode ter sido o motivo da suspens\u00e3o do pagamento, desconfia ele. Agora, sem dinheiro para a carne e a gasolina, Oliveira estuda seguir a trilha que conterr\u00e2neos percorreram d\u00e9cadas atr\u00e1s e deixar a mulher, Jailma, e os filhos, Beatriz e Ismael, para buscar emprego em S\u00e3o Paulo<\/font>  <\/p>\n<p align=\"justify\"><font size=\"3\" face=\"Arial\">Primeiro, chega a &#8220;cartinha&#8221;. Com carimbo do Minist\u00e9rio do Desenvolvimento Social. A partir desse momento, o dinheiro do programa j\u00e1 para de entrar na conta da fam\u00edlia. <\/font><font size=\"3\" face=\"Arial\">Feito isso, o resultado \u00e9 quase sempre o mesmo: adeus, Bolsa Fam\u00edlia. <\/font><font size=\"3\" face=\"Arial\">Sem an\u00fancio nem alarde, o governo federal come\u00e7ou a passar a tesoura nos programas sociais. O Bolsa Fam\u00edlia, carro-chefe da administra\u00e7\u00e3o petista, sofreu neste ano o mais profundo corte desde que foi criado, h\u00e1 onze anos.<\/font>  <\/p>\n<p align=\"justify\"><font size=\"3\" face=\"Arial\">Apenas no primeiro semestre de 2015, 782.313 fam\u00edlias deixaram de receber o benef\u00edcio. <\/font><font size=\"3\" face=\"Arial\">Para diminuir os custos do programa sem admitir sua redu\u00e7\u00e3o, o governo passou a promover um pente-fino silencioso entre os cadastrados. <\/font><font size=\"3\" face=\"Arial\">Desde maio, vem cruzando seus dados com informa\u00e7\u00f5es do INSS e do Departamento Nacional de Tr\u00e2nsito (Denatran), por exemplo. O objetivo \u00e9 identificar quem possui bens incompat\u00edveis com o teto de renda permitido aos participantes do programa (at\u00e9 154 reais por membro da fam\u00edlia, o que torna dif\u00edcil a compra de um carro, por exemplo) ou est\u00e1 acumulando benef\u00edcios indevidamente.<\/font>  <\/p>\n<p align=\"justify\"><font size=\"3\" face=\"Arial\">Os que j\u00e1 recebem a aposentadoria rural de um sal\u00e1rio m\u00ednimo n\u00e3o podem ganhar Bolsa Fam\u00edlia. Tamb\u00e9m est\u00e3o impedidos de integrar o programa pescadores que recebem o seguro-defeso &#8211; pago durante o per\u00edodo de procria\u00e7\u00e3o dos peixes. <\/font><font size=\"3\" face=\"Arial\">Esse veto surgiu de uma portaria criada pelo governo federal em mar\u00e7o deste ano. Desde ent\u00e3o, em cidades do Nordeste que vivem da pesca, como Saubara, na Bahia, a queda no n\u00famero de benefici\u00e1rios do Bolsa Fam\u00edlia foi de quase 70%. Fonte e fotos da Veja.abril.com.br<\/font><\/p>\n<div style=\"margin-top: 0px; margin-bottom: 0px;\" class=\"sharethis-inline-share-buttons\" ><\/div>","protected":false},"excerpt":{"rendered":"<p>Os novos retirantes \u2013 Desde maio, o agricultor Osmar de Oliveira n\u00e3o recebe mais os 309 reais a que tinha direito pelo Bolsa Fam\u00edlia. A moto estacionada na frente da casa, ou o fato de sua m\u00e3e, que mora no mesmo terreno, receber aposentadoria do INSS, pode ter sido o motivo da suspens\u00e3o do pagamento, [&hellip;]<\/p>\n","protected":false},"author":1,"featured_media":0,"comment_status":"open","ping_status":"open","sticky":false,"template":"","format":"standard","meta":{"footnotes":""},"categories":[2],"tags":[],"class_list":["post-2104","post","type-post","status-publish","format-standard","hentry","category-noticias-do-dia"],"_links":{"self":[{"href":"https:\/\/www.saloanoticias.com\/v1\/wp-json\/wp\/v2\/posts\/2104","targetHints":{"allow":["GET"]}}],"collection":[{"href":"https:\/\/www.saloanoticias.com\/v1\/wp-json\/wp\/v2\/posts"}],"about":[{"href":"https:\/\/www.saloanoticias.com\/v1\/wp-json\/wp\/v2\/types\/post"}],"author":[{"embeddable":true,"href":"https:\/\/www.saloanoticias.com\/v1\/wp-json\/wp\/v2\/users\/1"}],"replies":[{"embeddable":true,"href":"https:\/\/www.saloanoticias.com\/v1\/wp-json\/wp\/v2\/comments?post=2104"}],"version-history":[{"count":0,"href":"https:\/\/www.saloanoticias.com\/v1\/wp-json\/wp\/v2\/posts\/2104\/revisions"}],"wp:attachment":[{"href":"https:\/\/www.saloanoticias.com\/v1\/wp-json\/wp\/v2\/media?parent=2104"}],"wp:term":[{"taxonomy":"category","embeddable":true,"href":"https:\/\/www.saloanoticias.com\/v1\/wp-json\/wp\/v2\/categories?post=2104"},{"taxonomy":"post_tag","embeddable":true,"href":"https:\/\/www.saloanoticias.com\/v1\/wp-json\/wp\/v2\/tags?post=2104"}],"curies":[{"name":"wp","href":"https:\/\/api.w.org\/{rel}","templated":true}]}}