{"id":2103,"date":"2015-09-15T10:00:00","date_gmt":"2015-09-15T10:00:00","guid":{"rendered":"https:\/\/saloanoticias.mrmediaweb.com\/v1\/2015\/09\/15\/saloa-contrata-empresa-especializada-na-coleta-transporte-e-tratamento-do-lixo-hospitalar\/"},"modified":"2015-09-15T10:00:00","modified_gmt":"2015-09-15T10:00:00","slug":"saloa-contrata-empresa-especializada-na-coleta-transporte-e-tratamento-do-lixo-hospitalar","status":"publish","type":"post","link":"https:\/\/www.saloanoticias.com\/v1\/saloa-contrata-empresa-especializada-na-coleta-transporte-e-tratamento-do-lixo-hospitalar\/","title":{"rendered":"SALO\u00c1 CONTRATA EMPRESA ESPECIALIZADA NA COLETA, TRANSPORTE E TRATAMENTO DO LIXO HOSPITALAR"},"content":{"rendered":"<p align=\"justify\"><font size=\"3\" face=\"Arial\"><a href=\"http:\/\/www.saloanoticias.com\/images\/ricardo-alves-2-2_245b68480afb5aad18ec40a78c79962b.jpg\"><img loading=\"lazy\" decoding=\"async\" title=\"Ricardo Alves 2 (2)\" style=\"border-left-width: 0px; border-right-width: 0px; background-image: none; border-bottom-width: 0px; float: right; padding-top: 0px; padding-left: 0px; margin: 5px 0px 0px 5px; display: inline; padding-right: 0px; border-top-width: 0px\" border=\"0\" alt=\"Ricardo Alves 2 (2)\" src=\"http:\/\/www.saloanoticias.com\/v1\/wp-content\/uploads\/imagens\/ricardo-alves-2-2_thumb_bf8c148b0a46da294dbdda881ddd9002.jpg\" width=\"271\" align=\"right\" height=\"216\"><\/a>O munic\u00edpio de Salo\u00e1\/PE contratou a empresa STERICYCLE GEST\u00c2O AMBIENTAL LTDA, especializada na coleta, transporte e tratamento atrav\u00e9s de destrui\u00e7\u00e3o t\u00e9rmica dos res\u00edduos s\u00f3lidos provenientes dos servi\u00e7os de sa\u00fade do Hospital Municipal Josina Godoy. Conforme informa\u00e7\u00f5es do secret\u00e1rio do meio ambiente, Sr. Paulo Emiliano Gama, essa iniciativa do Governo Municipal \u00e9 de grande import\u00e2ncia n\u00e3o s\u00f3 para o meio ambiente onde estamos dando a destina\u00e7\u00e3o final correta dos res\u00edduos de servi\u00e7os de sa\u00fade, mas tamb\u00e9m no sentido de evitar contamina\u00e7\u00f5es.<\/font><\/p>\n<p align=\"justify\"><font size=\"3\" face=\"Arial\">Este lixo representa um grande perigo a sa\u00fade, uma vez que pode estar contaminada com microorganismos causadores de v\u00e1rias do\u00ean\u00e7as.<\/font><\/p>\n<div style=\"margin-top: 0px; margin-bottom: 0px;\" class=\"sharethis-inline-share-buttons\" ><\/div>","protected":false},"excerpt":{"rendered":"<p>O munic\u00edpio de Salo\u00e1\/PE contratou a empresa STERICYCLE GEST\u00c2O AMBIENTAL LTDA, especializada na coleta, transporte e tratamento atrav\u00e9s de destrui\u00e7\u00e3o t\u00e9rmica dos res\u00edduos s\u00f3lidos provenientes dos servi\u00e7os de sa\u00fade do Hospital Municipal Josina Godoy. Conforme informa\u00e7\u00f5es do secret\u00e1rio do meio ambiente, Sr. Paulo Emiliano Gama, essa iniciativa do Governo Municipal \u00e9 de grande import\u00e2ncia n\u00e3o [&hellip;]<\/p>\n","protected":false},"author":1,"featured_media":0,"comment_status":"open","ping_status":"open","sticky":false,"template":"","format":"standard","meta":{"footnotes":""},"categories":[2],"tags":[],"class_list":["post-2103","post","type-post","status-publish","format-standard","hentry","category-noticias-do-dia"],"_links":{"self":[{"href":"https:\/\/www.saloanoticias.com\/v1\/wp-json\/wp\/v2\/posts\/2103","targetHints":{"allow":["GET"]}}],"collection":[{"href":"https:\/\/www.saloanoticias.com\/v1\/wp-json\/wp\/v2\/posts"}],"about":[{"href":"https:\/\/www.saloanoticias.com\/v1\/wp-json\/wp\/v2\/types\/post"}],"author":[{"embeddable":true,"href":"https:\/\/www.saloanoticias.com\/v1\/wp-json\/wp\/v2\/users\/1"}],"replies":[{"embeddable":true,"href":"https:\/\/www.saloanoticias.com\/v1\/wp-json\/wp\/v2\/comments?post=2103"}],"version-history":[{"count":0,"href":"https:\/\/www.saloanoticias.com\/v1\/wp-json\/wp\/v2\/posts\/2103\/revisions"}],"wp:attachment":[{"href":"https:\/\/www.saloanoticias.com\/v1\/wp-json\/wp\/v2\/media?parent=2103"}],"wp:term":[{"taxonomy":"category","embeddable":true,"href":"https:\/\/www.saloanoticias.com\/v1\/wp-json\/wp\/v2\/categories?post=2103"},{"taxonomy":"post_tag","embeddable":true,"href":"https:\/\/www.saloanoticias.com\/v1\/wp-json\/wp\/v2\/tags?post=2103"}],"curies":[{"name":"wp","href":"https:\/\/api.w.org\/{rel}","templated":true}]}}