{"id":2102,"date":"2015-09-14T10:00:00","date_gmt":"2015-09-14T10:00:00","guid":{"rendered":"https:\/\/saloanoticias.mrmediaweb.com\/v1\/2015\/09\/14\/nota-da-secretaria-de-saude-de-saloa\/"},"modified":"2015-09-14T10:00:00","modified_gmt":"2015-09-14T10:00:00","slug":"nota-da-secretaria-de-saude-de-saloa","status":"publish","type":"post","link":"https:\/\/www.saloanoticias.com\/v1\/nota-da-secretaria-de-saude-de-saloa\/","title":{"rendered":"NOTA DA SECRETARIA DE SA\u00daDE DE SALO\u00c1"},"content":{"rendered":"<p align=\"justify\"><font size=\"3\" face=\"Arial\"><a href=\"http:\/\/www.saloanoticias.com\/images\/prefeitura-de-salo_18fca825f81f62cf994e395bc6b24f0c.jpg\"><img loading=\"lazy\" decoding=\"async\" title=\"Prefeitura de Salo&aacute;\" style=\"border-top: 0px; border-right: 0px; background-image: none; border-bottom: 0px; float: left; padding-top: 0px; padding-left: 0px; margin: 5px 5px 0px 0px; border-left: 0px; display: inline; padding-right: 0px\" border=\"0\" alt=\"Prefeitura de Salo&aacute;\" src=\"http:\/\/www.saloanoticias.com\/v1\/wp-content\/uploads\/imagens\/prefeitura-de-salo_thumb_c6e47add37a6d8798a23a9b6c43aa66c.jpg\" width=\"240\" align=\"left\" height=\"233\"><\/a>A Coordena\u00e7\u00e3o de Vigil\u00e2ncia em Sa\u00fade e Coordena\u00e7\u00e3o de Endemias do munic\u00edpio de Salo\u00e1 vem por meio desta nota comunicar \u00e0 popula\u00e7\u00e3o, que devido a exist\u00eancia do mosquito transmissor da dengue em nosso meio e a confirma\u00e7\u00e3o de dois casos positivos para a febre Chikungunya no munic\u00edpio de Iat\u00ed, a nossa preocupa\u00e7\u00e3o aumenta em rela\u00e7\u00e3o a introdu\u00e7\u00e3o deste v\u00edrus em nosso territ\u00f3rio. Como sabemos, os trabalhos realizados pelos agentes de endemias n\u00e3o suficientes para combater o mosquito.<\/font><\/p>\n<p align=\"justify\"><font size=\"3\" face=\"Arial\">Al\u00e9m deste trabalho a popula\u00e7\u00e3o deve ajudar no combate da cria\u00e7\u00e3o deste vetor, e por isso pedimos a colabora\u00e7\u00e3o de todos, pois, tendo os cuidados em suas resid\u00eancias, assim ser\u00e1 capaz a n\u00e3o introdu\u00e7\u00e3o desta doen\u00e7a em nosso meio. Observe os seguintes cuidados b\u00e1sicos:<\/font><\/p>\n<p align=\"center\"><font size=\"4\" face=\"Arial\"><strong>MANTER RESERVAT\u00d3RIO DE \u00c1GUA FECHADOS DURANTE O DIA<\/strong><\/font><\/p>\n<p align=\"center\"><font size=\"4\" face=\"Arial\"><strong>COLOCAR LIXO EM SUA PORTA PARA SER COLETADO PELO CARRO DO LIXO<\/strong><\/font><\/p>\n<p align=\"center\"><font size=\"4\" face=\"Arial\"><strong>NUNCA JOGAR DEP\u00d3SITOS OU RECIPIENTES QUE POSSAM ACUMULAR \u00c1GUA A C\u00c9U ABERTO (NO LIXO) E QUANDO JOGAR, FUR\u00c1-LOS ANTES, EVITANDO ASSIM, O AC\u00daMULO DE \u00c1GUA POR OCASI\u00c3O DAS CHUVAS<\/strong><\/font><\/p>\n<p align=\"justify\"><font size=\"3\" face=\"Arial\">A popula\u00e7\u00e3o contribuindo da forma correta n\u00e3o ter\u00e1 problemas com a prolifera\u00e7\u00e3o do mosquito. At\u00e9 o presente momento foram notificados pela vigil\u00e2ncia em sa\u00fade 12 casos de dengue, sendo tr\u00eas confirmados e nove descartados laboratorialmente. Isso nos deixa a par da situa\u00e7\u00e3o, vendo que se confirma tr\u00eas casos da dengue, existe a presen\u00e7a do vetor em nosso meio. A&nbsp; Coordena\u00e7\u00e3o agradece a compreens\u00e3o de todos.<\/font><\/p>\n<p align=\"center\"><font size=\"4\" face=\"Arial\"><strong>Carlos Calado<\/strong><\/font><\/p>\n<p align=\"center\"><font size=\"3\" face=\"Arial\">Coordenador de Vigil\u00e2ncia em Sa\u00fade<\/font><\/p>\n<p align=\"center\"><font size=\"3\" face=\"Arial\"><a href=\"mailto:smssaloa@gmail.com\">smssaloa@gmail.com<\/a><\/font><\/p>\n<p align=\"center\"><font size=\"2\" face=\"Arial\">Rua Coronel Jos\u00e9 Ab\u00edlio, 36, Centro de Salo\u00e1 (87) 3782-1104<\/font><\/p>\n<div style=\"margin-top: 0px; margin-bottom: 0px;\" class=\"sharethis-inline-share-buttons\" ><\/div>","protected":false},"excerpt":{"rendered":"<p>A Coordena\u00e7\u00e3o de Vigil\u00e2ncia em Sa\u00fade e Coordena\u00e7\u00e3o de Endemias do munic\u00edpio de Salo\u00e1 vem por meio desta nota comunicar \u00e0 popula\u00e7\u00e3o, que devido a exist\u00eancia do mosquito transmissor da dengue em nosso meio e a confirma\u00e7\u00e3o de dois casos positivos para a febre Chikungunya no munic\u00edpio de Iat\u00ed, a nossa preocupa\u00e7\u00e3o aumenta em rela\u00e7\u00e3o [&hellip;]<\/p>\n","protected":false},"author":1,"featured_media":0,"comment_status":"open","ping_status":"open","sticky":false,"template":"","format":"standard","meta":{"footnotes":""},"categories":[2],"tags":[],"class_list":["post-2102","post","type-post","status-publish","format-standard","hentry","category-noticias-do-dia"],"_links":{"self":[{"href":"https:\/\/www.saloanoticias.com\/v1\/wp-json\/wp\/v2\/posts\/2102","targetHints":{"allow":["GET"]}}],"collection":[{"href":"https:\/\/www.saloanoticias.com\/v1\/wp-json\/wp\/v2\/posts"}],"about":[{"href":"https:\/\/www.saloanoticias.com\/v1\/wp-json\/wp\/v2\/types\/post"}],"author":[{"embeddable":true,"href":"https:\/\/www.saloanoticias.com\/v1\/wp-json\/wp\/v2\/users\/1"}],"replies":[{"embeddable":true,"href":"https:\/\/www.saloanoticias.com\/v1\/wp-json\/wp\/v2\/comments?post=2102"}],"version-history":[{"count":0,"href":"https:\/\/www.saloanoticias.com\/v1\/wp-json\/wp\/v2\/posts\/2102\/revisions"}],"wp:attachment":[{"href":"https:\/\/www.saloanoticias.com\/v1\/wp-json\/wp\/v2\/media?parent=2102"}],"wp:term":[{"taxonomy":"category","embeddable":true,"href":"https:\/\/www.saloanoticias.com\/v1\/wp-json\/wp\/v2\/categories?post=2102"},{"taxonomy":"post_tag","embeddable":true,"href":"https:\/\/www.saloanoticias.com\/v1\/wp-json\/wp\/v2\/tags?post=2102"}],"curies":[{"name":"wp","href":"https:\/\/api.w.org\/{rel}","templated":true}]}}