{"id":2101,"date":"2015-09-13T20:34:45","date_gmt":"2015-09-13T20:34:45","guid":{"rendered":"https:\/\/saloanoticias.mrmediaweb.com\/v1\/2015\/09\/13\/aniversariante-do-dia-pastora-isabel-alves\/"},"modified":"2015-09-13T20:34:45","modified_gmt":"2015-09-13T20:34:45","slug":"aniversariante-do-dia-pastora-isabel-alves","status":"publish","type":"post","link":"https:\/\/www.saloanoticias.com\/v1\/aniversariante-do-dia-pastora-isabel-alves\/","title":{"rendered":"ANIVERSARIANTE DO DIA: PASTORA ISABEL ALVES DA BATISTA BETESDA"},"content":{"rendered":"<p align=\"justify\"><font size=\"3\" face=\"Arial\"><a href=\"http:\/\/www.saloanoticias.com\/images\/salo-notcias_f9967971f4b0f48859acba5955fc40a6.jpg\"><img loading=\"lazy\" decoding=\"async\" title=\"Salo&aacute; Not&iacute;cias\" style=\"border-top: 0px; border-right: 0px; background-image: none; border-bottom: 0px; float: left; padding-top: 0px; padding-left: 0px; margin: 5px 5px 0px 0px; border-left: 0px; display: inline; padding-right: 0px\" border=\"0\" alt=\"Salo&aacute; Not&iacute;cias\" src=\"http:\/\/www.saloanoticias.com\/v1\/wp-content\/uploads\/imagens\/salo-notcias_thumb_178209b750bcf69fd9b9069d7c0ef820.jpg\" width=\"300\" align=\"left\" height=\"214\"><\/a>Quem est\u00e1 de idade nova neste domingo, dia 13 de setembro, \u00e9 a querida pastora Isabel Alves, dirigente do IBB \u2013 Igreja Batista Betesda na cidade de Salo\u00e1. Isabel \u00e9 conhecido na regi\u00e3o pelo brilhante trabalho que vem fazendo a frente da sua igreja. Esta sem d\u00favidas \u00e9 uma data bastante especial para ela e por isso, queremos desejar os votos de sa\u00fade, paz e felicidades. Fica aqui o nosso registro e felicita\u00e7\u00f5es.<\/font><\/p>\n<p align=\"justify\"><font size=\"3\" face=\"Arial\">Na foto acima, vemos a aniversariante cortando o seu bolo da anivers\u00e1rio. Grande vai ser a festa !<\/font><\/p>\n<div style=\"margin-top: 0px; margin-bottom: 0px;\" class=\"sharethis-inline-share-buttons\" ><\/div>","protected":false},"excerpt":{"rendered":"<p>Quem est\u00e1 de idade nova neste domingo, dia 13 de setembro, \u00e9 a querida pastora Isabel Alves, dirigente do IBB \u2013 Igreja Batista Betesda na cidade de Salo\u00e1. Isabel \u00e9 conhecido na regi\u00e3o pelo brilhante trabalho que vem fazendo a frente da sua igreja. Esta sem d\u00favidas \u00e9 uma data bastante especial para ela e [&hellip;]<\/p>\n","protected":false},"author":1,"featured_media":0,"comment_status":"open","ping_status":"open","sticky":false,"template":"","format":"standard","meta":{"footnotes":""},"categories":[2],"tags":[],"class_list":["post-2101","post","type-post","status-publish","format-standard","hentry","category-noticias-do-dia"],"_links":{"self":[{"href":"https:\/\/www.saloanoticias.com\/v1\/wp-json\/wp\/v2\/posts\/2101","targetHints":{"allow":["GET"]}}],"collection":[{"href":"https:\/\/www.saloanoticias.com\/v1\/wp-json\/wp\/v2\/posts"}],"about":[{"href":"https:\/\/www.saloanoticias.com\/v1\/wp-json\/wp\/v2\/types\/post"}],"author":[{"embeddable":true,"href":"https:\/\/www.saloanoticias.com\/v1\/wp-json\/wp\/v2\/users\/1"}],"replies":[{"embeddable":true,"href":"https:\/\/www.saloanoticias.com\/v1\/wp-json\/wp\/v2\/comments?post=2101"}],"version-history":[{"count":0,"href":"https:\/\/www.saloanoticias.com\/v1\/wp-json\/wp\/v2\/posts\/2101\/revisions"}],"wp:attachment":[{"href":"https:\/\/www.saloanoticias.com\/v1\/wp-json\/wp\/v2\/media?parent=2101"}],"wp:term":[{"taxonomy":"category","embeddable":true,"href":"https:\/\/www.saloanoticias.com\/v1\/wp-json\/wp\/v2\/categories?post=2101"},{"taxonomy":"post_tag","embeddable":true,"href":"https:\/\/www.saloanoticias.com\/v1\/wp-json\/wp\/v2\/tags?post=2101"}],"curies":[{"name":"wp","href":"https:\/\/api.w.org\/{rel}","templated":true}]}}