{"id":2100,"date":"2015-09-11T18:07:35","date_gmt":"2015-09-11T18:07:35","guid":{"rendered":"https:\/\/saloanoticias.mrmediaweb.com\/v1\/2015\/09\/11\/confira-a-lista-de-candidatos-ao-conselho-tutelar-em-saloa\/"},"modified":"2015-09-11T18:07:35","modified_gmt":"2015-09-11T18:07:35","slug":"confira-a-lista-de-candidatos-ao-conselho-tutelar-em-saloa","status":"publish","type":"post","link":"https:\/\/www.saloanoticias.com\/v1\/confira-a-lista-de-candidatos-ao-conselho-tutelar-em-saloa\/","title":{"rendered":"LISTA DOS CANDIDATOS PARA O CONSELHO TUTELAR EM SALO\u00c1"},"content":{"rendered":"<p align=\"justify\"><font size=\"3\" face=\"Arial\"><a href=\"http:\/\/www.saloanoticias.com\/images\/salo-noticias_b438ccd409690d64b7bfb9ab4c9e3839.jpg\"><img loading=\"lazy\" decoding=\"async\" title=\"Salo&aacute; Noticias\" style=\"border-left-width: 0px; border-right-width: 0px; background-image: none; border-bottom-width: 0px; float: left; padding-top: 0px; padding-left: 0px; margin: 5px 5px 10px 0px; display: inline; padding-right: 0px; border-top-width: 0px\" border=\"0\" alt=\"Salo&aacute; Noticias\" src=\"http:\/\/www.saloanoticias.com\/v1\/wp-content\/uploads\/imagens\/salo-noticias_thumb_6ee5746cae6c078d486312159993a36c.jpg\" width=\"235\" align=\"left\" height=\"194\"><\/a>O CMDCA &#8211;&nbsp; Conselho Municipal dos Direitos da Crian\u00e7a e do Adolescente do Munic\u00edpio de Salo\u00e1\/PE, atrav\u00e9s da Comiss\u00e3o Eleitoral, resolve tornar p\u00fablica a lista de pedidos deferidos para participar do processo de escolha unificado do Conselho Tutelar do Munic\u00edpio de Salo\u00e1. A rela\u00e7\u00e3o segue com o nome do candidato, alcunha (apelido) e o n\u00famero da candidatura (esse escolhido atrav\u00e9s do n\u00famero de inscri\u00e7\u00e3o). Abaixo a lista com a rela\u00e7\u00e3o completa:<\/font><\/p>\n<p align=\"justify\"><font size=\"3\" face=\"Arial\"><\/font>&nbsp;<\/p>\n<p align=\"center\"><font size=\"4\" face=\"Arial\"><strong><u>NOME DO CANDIDATO (A)&nbsp;&nbsp; &#8211;&nbsp;&nbsp; ALCUNHA&nbsp;&nbsp; &#8211;&nbsp;&nbsp; N\u00ba DO CANDIDATO (A)<\/u><\/strong><\/font><\/p>\n<p align=\"center\"><font size=\"4\" face=\"Arial\"><strong>F\u00e1tima Pereira de Souza&nbsp;&nbsp; &#8211;&nbsp;&nbsp; F\u00e1tima Pereira&nbsp;&nbsp; &#8211;&nbsp;&nbsp; 01<\/strong><\/font><\/p>\n<p align=\"center\"><font size=\"4\" face=\"Arial\"><strong>Leonice Pereira da Silva&nbsp;&nbsp; &#8211;&nbsp;&nbsp; Leonice de Salim&nbsp;&nbsp; &#8211;&nbsp;&nbsp; 02<\/strong><\/font><\/p>\n<p align=\"center\"><font size=\"4\" face=\"Arial\"><strong>Lisley Paz de Barros&nbsp;&nbsp; &#8211;&nbsp;&nbsp; Lisley da Eletr\u00f4nica&nbsp;&nbsp; &#8211;&nbsp;&nbsp; 03<\/strong><\/font><\/p>\n<p align=\"center\"><font size=\"4\" face=\"Arial\"><strong>Gideone Leandro da Silva&nbsp;&nbsp; &#8211;&nbsp;&nbsp; Gideone do Cachorro Quente&nbsp;&nbsp; &#8211;&nbsp;&nbsp; 04<\/strong><\/font><\/p>\n<p align=\"center\"><font size=\"4\" face=\"Arial\"><strong>Miguel Pereira Machado&nbsp;&nbsp; &#8211;&nbsp;&nbsp; Miguel do Cachorro Quente&nbsp;&nbsp; &#8211;&nbsp;&nbsp; 05<\/strong><\/font><\/p>\n<p align=\"center\"><font size=\"4\" face=\"Arial\"><strong>Adalto Guimar\u00e3es de Oliveira&nbsp;&nbsp; &#8211;&nbsp;&nbsp; Adauto Guiar\u00e3es&nbsp;&nbsp; &#8211;&nbsp;&nbsp; 06<\/strong><\/font><\/p>\n<p align=\"center\"><font size=\"4\" face=\"Arial\"><strong>Jorge Ponciano de Lima&nbsp;&nbsp; &#8211;&nbsp;&nbsp; Jorginho&nbsp;&nbsp; &#8211;&nbsp;&nbsp; 07<\/strong><\/font><\/p>\n<p align=\"center\"><font size=\"4\" face=\"Arial\"><strong>Cl\u00e1udia C\u00e9lia Concei\u00e7\u00e3o da Silva&nbsp;&nbsp; &#8211;&nbsp;&nbsp; Cl\u00e1udia de Israel Locutor&nbsp;&nbsp; &#8211;&nbsp;&nbsp; 08<\/strong><\/font><\/p>\n<p align=\"center\"><font size=\"4\" face=\"Arial\"><strong>Vandel\u00facia Pereira de Melo Silva&nbsp;&nbsp; &#8211;&nbsp;&nbsp; Vandel\u00facia Melo&nbsp;&nbsp; &#8211;&nbsp;&nbsp; 09<\/strong><\/font><\/p>\n<p align=\"center\"><font size=\"4\" face=\"Arial\"><strong>Suzana Alves dos Santos&nbsp;&nbsp; &#8211;&nbsp;&nbsp; Suzana de Berto&nbsp;&nbsp; &#8211;&nbsp;&nbsp; 10<\/strong><\/font><\/p>\n<p align=\"center\"><font size=\"3\" face=\"Arial\">Jos\u00e9 Airton Gomes Maciel<\/font><\/p>\n<p align=\"center\"><font size=\"3\" face=\"Arial\">Presidente do CMDCA<\/font><\/p>\n<div style=\"margin-top: 0px; margin-bottom: 0px;\" class=\"sharethis-inline-share-buttons\" ><\/div>","protected":false},"excerpt":{"rendered":"<p>O CMDCA &#8211;&nbsp; Conselho Municipal dos Direitos da Crian\u00e7a e do Adolescente do Munic\u00edpio de Salo\u00e1\/PE, atrav\u00e9s da Comiss\u00e3o Eleitoral, resolve tornar p\u00fablica a lista de pedidos deferidos para participar do processo de escolha unificado do Conselho Tutelar do Munic\u00edpio de Salo\u00e1. A rela\u00e7\u00e3o segue com o nome do candidato, alcunha (apelido) e o n\u00famero [&hellip;]<\/p>\n","protected":false},"author":1,"featured_media":0,"comment_status":"open","ping_status":"open","sticky":false,"template":"","format":"standard","meta":{"footnotes":""},"categories":[2],"tags":[],"class_list":["post-2100","post","type-post","status-publish","format-standard","hentry","category-noticias-do-dia"],"_links":{"self":[{"href":"https:\/\/www.saloanoticias.com\/v1\/wp-json\/wp\/v2\/posts\/2100","targetHints":{"allow":["GET"]}}],"collection":[{"href":"https:\/\/www.saloanoticias.com\/v1\/wp-json\/wp\/v2\/posts"}],"about":[{"href":"https:\/\/www.saloanoticias.com\/v1\/wp-json\/wp\/v2\/types\/post"}],"author":[{"embeddable":true,"href":"https:\/\/www.saloanoticias.com\/v1\/wp-json\/wp\/v2\/users\/1"}],"replies":[{"embeddable":true,"href":"https:\/\/www.saloanoticias.com\/v1\/wp-json\/wp\/v2\/comments?post=2100"}],"version-history":[{"count":0,"href":"https:\/\/www.saloanoticias.com\/v1\/wp-json\/wp\/v2\/posts\/2100\/revisions"}],"wp:attachment":[{"href":"https:\/\/www.saloanoticias.com\/v1\/wp-json\/wp\/v2\/media?parent=2100"}],"wp:term":[{"taxonomy":"category","embeddable":true,"href":"https:\/\/www.saloanoticias.com\/v1\/wp-json\/wp\/v2\/categories?post=2100"},{"taxonomy":"post_tag","embeddable":true,"href":"https:\/\/www.saloanoticias.com\/v1\/wp-json\/wp\/v2\/tags?post=2100"}],"curies":[{"name":"wp","href":"https:\/\/api.w.org\/{rel}","templated":true}]}}