{"id":2099,"date":"2015-09-11T13:05:26","date_gmt":"2015-09-11T13:05:26","guid":{"rendered":"https:\/\/saloanoticias.mrmediaweb.com\/v1\/2015\/09\/11\/impeachment-de-dilma-deve-acontecer-ate-o-final-do-ano\/"},"modified":"2015-09-11T13:05:26","modified_gmt":"2015-09-11T13:05:26","slug":"impeachment-de-dilma-deve-acontecer-ate-o-final-do-ano","status":"publish","type":"post","link":"https:\/\/www.saloanoticias.com\/v1\/impeachment-de-dilma-deve-acontecer-ate-o-final-do-ano\/","title":{"rendered":"IMPEACHMENT DE DILMA DEVE ACONTECER AINDA ESTE ANO, DIZ FOLHA DE S\u00c3O PAULO"},"content":{"rendered":"<p align=\"justify\"><font size=\"3\" face=\"Arial\"><a href=\"http:\/\/www.saloanoticias.com\/images\/dilma-rousseff_24c16dad9d52f5e10c8b223523f458ff.jpg\"><img loading=\"lazy\" decoding=\"async\" title=\"Dilma-Rousseff\" style=\"border-top: 0px; border-right: 0px; background-image: none; border-bottom: 0px; float: left; padding-top: 0px; padding-left: 0px; margin: 5px 5px 0px 0px; border-left: 0px; display: inline; padding-right: 0px\" border=\"0\" alt=\"Dilma-Rousseff\" src=\"http:\/\/www.saloanoticias.com\/v1\/wp-content\/uploads\/imagens\/dilma-rousseff_thumb_c159400ac60208da08dca46b3ee89332.jpg\" width=\"274\" align=\"left\" height=\"183\"><\/a>Ministros, deputados e senadores do PT j\u00e1 consideram n\u00e3o apenas poss\u00edvel mas prov\u00e1vel que a presidente Dilma Rousseff seja afastada do governo num processo de impeachment ainda neste ano. Pelo monitoramento do PT, o presidente da c\u00e2mara, Eduardo Cunha do PMDB, rejeitar\u00e1 pedidos de impeachment, inclusive o de H\u00e9lio Bicudo. Por\u00e9m, deputados da Frente Pr\u00f3 Impeachment, com 280 votos, recorreriam ao plen\u00e1rio e, com maioria simples, votariam pela admissibilidade do impeachment, primeiro passo para o afastamento de um presidente.<\/font><\/p>\n<p align=\"justify\"><font size=\"3\" face=\"Arial\">Um senador do PT observa que foi a partir da aprova\u00e7\u00e3o de admissibilidade de impeachment de Fernando Collor que as pessoas come\u00e7aram a acreditar e tomaram as ruas do pa\u00eds, para derrub\u00e1-lo do poder em 1992. O mesmo deve acontecer com Dilma Rousseff. Nesse clima de press\u00e3o m\u00e1xima, o impeachment seria ent\u00e3o apreciado na c\u00e2mara.&nbsp; Como o voto \u00e9 aberto, at\u00e9 mesmo parlamentares de oposi\u00e7\u00e3o&nbsp; que s\u00e3o contra o afastamento se veria for\u00e7ados a votar a favor. Com informa\u00e7\u00f5es do Folha de S\u00e3o Paulo.<\/font><\/p>\n<div style=\"margin-top: 0px; margin-bottom: 0px;\" class=\"sharethis-inline-share-buttons\" ><\/div>","protected":false},"excerpt":{"rendered":"<p>Ministros, deputados e senadores do PT j\u00e1 consideram n\u00e3o apenas poss\u00edvel mas prov\u00e1vel que a presidente Dilma Rousseff seja afastada do governo num processo de impeachment ainda neste ano. Pelo monitoramento do PT, o presidente da c\u00e2mara, Eduardo Cunha do PMDB, rejeitar\u00e1 pedidos de impeachment, inclusive o de H\u00e9lio Bicudo. Por\u00e9m, deputados da Frente Pr\u00f3 [&hellip;]<\/p>\n","protected":false},"author":1,"featured_media":0,"comment_status":"open","ping_status":"open","sticky":false,"template":"","format":"standard","meta":{"footnotes":""},"categories":[2],"tags":[],"class_list":["post-2099","post","type-post","status-publish","format-standard","hentry","category-noticias-do-dia"],"_links":{"self":[{"href":"https:\/\/www.saloanoticias.com\/v1\/wp-json\/wp\/v2\/posts\/2099","targetHints":{"allow":["GET"]}}],"collection":[{"href":"https:\/\/www.saloanoticias.com\/v1\/wp-json\/wp\/v2\/posts"}],"about":[{"href":"https:\/\/www.saloanoticias.com\/v1\/wp-json\/wp\/v2\/types\/post"}],"author":[{"embeddable":true,"href":"https:\/\/www.saloanoticias.com\/v1\/wp-json\/wp\/v2\/users\/1"}],"replies":[{"embeddable":true,"href":"https:\/\/www.saloanoticias.com\/v1\/wp-json\/wp\/v2\/comments?post=2099"}],"version-history":[{"count":0,"href":"https:\/\/www.saloanoticias.com\/v1\/wp-json\/wp\/v2\/posts\/2099\/revisions"}],"wp:attachment":[{"href":"https:\/\/www.saloanoticias.com\/v1\/wp-json\/wp\/v2\/media?parent=2099"}],"wp:term":[{"taxonomy":"category","embeddable":true,"href":"https:\/\/www.saloanoticias.com\/v1\/wp-json\/wp\/v2\/categories?post=2099"},{"taxonomy":"post_tag","embeddable":true,"href":"https:\/\/www.saloanoticias.com\/v1\/wp-json\/wp\/v2\/tags?post=2099"}],"curies":[{"name":"wp","href":"https:\/\/api.w.org\/{rel}","templated":true}]}}