{"id":2098,"date":"2015-09-12T14:00:00","date_gmt":"2015-09-12T14:00:00","guid":{"rendered":"https:\/\/saloanoticias.mrmediaweb.com\/v1\/2015\/09\/12\/prefeitura-recupera-estrada-da-serra-da-prata\/"},"modified":"2015-09-12T14:00:00","modified_gmt":"2015-09-12T14:00:00","slug":"prefeitura-recupera-estrada-da-serra-da-prata","status":"publish","type":"post","link":"https:\/\/www.saloanoticias.com\/v1\/prefeitura-recupera-estrada-da-serra-da-prata\/","title":{"rendered":"PREFEITURA RECUPERA ESTRADA DA SERRA DA PRATA"},"content":{"rendered":"<p align=\"justify\"><font size=\"3\" face=\"Arial\"><a href=\"http:\/\/www.saloanoticias.com\/images\/salo-noticias_9530b5f1dffd4b325aaf9276cc6af426.jpg\"><img loading=\"lazy\" decoding=\"async\" title=\"Salo&aacute; Noticias\" style=\"border-left-width: 0px; border-right-width: 0px; background-image: none; border-bottom-width: 0px; float: none; padding-top: 0px; padding-left: 0px; margin: 0px auto 10px; display: block; padding-right: 0px; border-top-width: 0px\" border=\"0\" alt=\"Salo&aacute; Noticias\" src=\"http:\/\/www.saloanoticias.com\/v1\/wp-content\/uploads\/imagens\/salo-noticias_thumb_43862b02e621331300a1db53f966cf79.jpg\" width=\"589\" height=\"442\"><\/a>O prefeito Ricardo Alves do PMDB de Salo\u00e1 assinou ordem de servi\u00e7o para recupera\u00e7\u00e3o e alargamento da estrada que liga o povoado Serrinha da Prata \u00e0 vila de Iatec\u00e1, a chamada estrada da Serra da Prata. As m\u00e1quinas j\u00e1 est\u00e3o no local trabalhando e contornado ainda mais o acesso que recebe centenas de motoristas, motociclistas e transeuntes todos os dias. Este \u00e9 o principal acesso da popula\u00e7\u00e3o da Serrinha da Prata e Camaratuba e sempre est\u00e1 sendo reparada pela prefeitura de Salo\u00e1, principalmente depois do per\u00edodos chuvosos.<\/font><\/p>\n<p align=\"justify\"><a href=\"http:\/\/www.saloanoticias.com\/images\/salo-notcias_00f7f1f2ab6e6ad601d90ba68a74f7f1.jpg\"><img loading=\"lazy\" decoding=\"async\" title=\"Salo&aacute; Not&iacute;cias\" style=\"border-left-width: 0px; border-right-width: 0px; background-image: none; border-bottom-width: 0px; float: none; padding-top: 0px; padding-left: 0px; margin-left: auto; display: block; padding-right: 0px; border-top-width: 0px; margin-right: auto\" border=\"0\" alt=\"Salo&aacute; Not&iacute;cias\" src=\"http:\/\/www.saloanoticias.com\/v1\/wp-content\/uploads\/imagens\/salo-notcias_thumb_b823507f4e5ea47ce94a7681357cf05d.jpg\" width=\"589\" height=\"442\"><\/a><\/p>\n<p align=\"justify\"><font size=\"3\" face=\"Arial\">Na gest\u00e3o de Ricardo \u00e9 rotineira as recupera\u00e7\u00f5es dessas estradas e vias vicinais que interligam a sede do munic\u00edpio \u00e0s demais comunidades. Segundo a assessoria da prefeitura outras estradas est\u00e3o sendo reformadas simultaneamente o que torna as comunidades mais acess\u00edveis \u00e0 todos.<\/font><\/p>\n<div style=\"margin-top: 0px; margin-bottom: 0px;\" class=\"sharethis-inline-share-buttons\" ><\/div>","protected":false},"excerpt":{"rendered":"<p>O prefeito Ricardo Alves do PMDB de Salo\u00e1 assinou ordem de servi\u00e7o para recupera\u00e7\u00e3o e alargamento da estrada que liga o povoado Serrinha da Prata \u00e0 vila de Iatec\u00e1, a chamada estrada da Serra da Prata. As m\u00e1quinas j\u00e1 est\u00e3o no local trabalhando e contornado ainda mais o acesso que recebe centenas de motoristas, motociclistas [&hellip;]<\/p>\n","protected":false},"author":1,"featured_media":0,"comment_status":"open","ping_status":"open","sticky":false,"template":"","format":"standard","meta":{"footnotes":""},"categories":[2],"tags":[],"class_list":["post-2098","post","type-post","status-publish","format-standard","hentry","category-noticias-do-dia"],"_links":{"self":[{"href":"https:\/\/www.saloanoticias.com\/v1\/wp-json\/wp\/v2\/posts\/2098","targetHints":{"allow":["GET"]}}],"collection":[{"href":"https:\/\/www.saloanoticias.com\/v1\/wp-json\/wp\/v2\/posts"}],"about":[{"href":"https:\/\/www.saloanoticias.com\/v1\/wp-json\/wp\/v2\/types\/post"}],"author":[{"embeddable":true,"href":"https:\/\/www.saloanoticias.com\/v1\/wp-json\/wp\/v2\/users\/1"}],"replies":[{"embeddable":true,"href":"https:\/\/www.saloanoticias.com\/v1\/wp-json\/wp\/v2\/comments?post=2098"}],"version-history":[{"count":0,"href":"https:\/\/www.saloanoticias.com\/v1\/wp-json\/wp\/v2\/posts\/2098\/revisions"}],"wp:attachment":[{"href":"https:\/\/www.saloanoticias.com\/v1\/wp-json\/wp\/v2\/media?parent=2098"}],"wp:term":[{"taxonomy":"category","embeddable":true,"href":"https:\/\/www.saloanoticias.com\/v1\/wp-json\/wp\/v2\/categories?post=2098"},{"taxonomy":"post_tag","embeddable":true,"href":"https:\/\/www.saloanoticias.com\/v1\/wp-json\/wp\/v2\/tags?post=2098"}],"curies":[{"name":"wp","href":"https:\/\/api.w.org\/{rel}","templated":true}]}}