{"id":2097,"date":"2015-09-10T22:18:28","date_gmt":"2015-09-10T22:18:28","guid":{"rendered":"https:\/\/saloanoticias.mrmediaweb.com\/v1\/2015\/09\/10\/professores-adriana-e-janio-estao-com-o-prefeito-ricardo-alves\/"},"modified":"2015-09-10T22:18:28","modified_gmt":"2015-09-10T22:18:28","slug":"professores-adriana-e-janio-estao-com-o-prefeito-ricardo-alves","status":"publish","type":"post","link":"https:\/\/www.saloanoticias.com\/v1\/professores-adriana-e-janio-estao-com-o-prefeito-ricardo-alves\/","title":{"rendered":"PROFESSORES J\u00c2NIO E ADRIANA EST\u00c3O COM O PREFEITO RICARDO ALVES"},"content":{"rendered":"<p align=\"justify\"><font size=\"3\" face=\"Arial\"><a href=\"http:\/\/www.saloanoticias.com\/images\/salo-noticias_0fe01b8de79e80527eb5e4b717b77d60.jpg\"><img loading=\"lazy\" decoding=\"async\" title=\"Salo&aacute; Noticias\" style=\"border-top: 0px; border-right: 0px; background-image: none; border-bottom: 0px; float: none; padding-top: 0px; padding-left: 0px; margin: 0px auto 10px; border-left: 0px; display: block; padding-right: 0px\" border=\"0\" alt=\"Salo&aacute; Noticias\" src=\"http:\/\/www.saloanoticias.com\/v1\/wp-content\/uploads\/imagens\/salo-noticias_thumb_06a2571aa3815fb189f5ec7fad92dfe7.jpg\" width=\"585\" height=\"422\"><\/a>Uma boa not\u00edcia para o grupo governista na cidade de Salo\u00e1. \u00c9 que na tarde desta quinta-feira (10), os professores J\u00e2nio Paulo Areias e Adriana Pereira declararam apoio a gest\u00e3o do prefeito Ricardo Alves. Segundo as informa\u00e7\u00f5es que nos foram repassadas por assessores do prefeito, os profissionais da educa\u00e7\u00e3o vinham acompanhando a excelente gest\u00e3o que vem sendo realizada pelo gestor no munic\u00edpio e assim, houve interesse da administra\u00e7\u00e3o em traze-los para o governo.<\/font><\/p>\n<p align=\"justify\"><font size=\"3\" face=\"Arial\">Para o munic\u00edpio tamb\u00e9m foi uma \u00f3tima novidade, j\u00e1 que ambos s\u00e3o profissionais gabaritados e v\u00e3o ajudar muito os alunos. <\/font><font size=\"3\" face=\"Arial\">Adriana \u00e9 bastante querida em Sala de aula e uma professora din\u00e2mica, faz com que os alunos tenham mais determina\u00e7\u00e3o nos estudos e J\u00e2nio tem uma conduta respeitada no meu do alunado. Minha alegria \u00e9 saber que as fam\u00edlias est\u00e3o aprovando o meu trabalho, disse o prefeito. A aproxima\u00e7\u00e3o do jovem casal teve o aval da gestora do S\u00e3o Vicente, Dona Josefa Alves Bezerra, a conhecida Dona Dita.<\/font><\/p>\n<div style=\"margin-top: 0px; margin-bottom: 0px;\" class=\"sharethis-inline-share-buttons\" ><\/div>","protected":false},"excerpt":{"rendered":"<p>Uma boa not\u00edcia para o grupo governista na cidade de Salo\u00e1. \u00c9 que na tarde desta quinta-feira (10), os professores J\u00e2nio Paulo Areias e Adriana Pereira declararam apoio a gest\u00e3o do prefeito Ricardo Alves. Segundo as informa\u00e7\u00f5es que nos foram repassadas por assessores do prefeito, os profissionais da educa\u00e7\u00e3o vinham acompanhando a excelente gest\u00e3o que [&hellip;]<\/p>\n","protected":false},"author":1,"featured_media":0,"comment_status":"open","ping_status":"open","sticky":false,"template":"","format":"standard","meta":{"footnotes":""},"categories":[2],"tags":[],"class_list":["post-2097","post","type-post","status-publish","format-standard","hentry","category-noticias-do-dia"],"_links":{"self":[{"href":"https:\/\/www.saloanoticias.com\/v1\/wp-json\/wp\/v2\/posts\/2097","targetHints":{"allow":["GET"]}}],"collection":[{"href":"https:\/\/www.saloanoticias.com\/v1\/wp-json\/wp\/v2\/posts"}],"about":[{"href":"https:\/\/www.saloanoticias.com\/v1\/wp-json\/wp\/v2\/types\/post"}],"author":[{"embeddable":true,"href":"https:\/\/www.saloanoticias.com\/v1\/wp-json\/wp\/v2\/users\/1"}],"replies":[{"embeddable":true,"href":"https:\/\/www.saloanoticias.com\/v1\/wp-json\/wp\/v2\/comments?post=2097"}],"version-history":[{"count":0,"href":"https:\/\/www.saloanoticias.com\/v1\/wp-json\/wp\/v2\/posts\/2097\/revisions"}],"wp:attachment":[{"href":"https:\/\/www.saloanoticias.com\/v1\/wp-json\/wp\/v2\/media?parent=2097"}],"wp:term":[{"taxonomy":"category","embeddable":true,"href":"https:\/\/www.saloanoticias.com\/v1\/wp-json\/wp\/v2\/categories?post=2097"},{"taxonomy":"post_tag","embeddable":true,"href":"https:\/\/www.saloanoticias.com\/v1\/wp-json\/wp\/v2\/tags?post=2097"}],"curies":[{"name":"wp","href":"https:\/\/api.w.org\/{rel}","templated":true}]}}