{"id":2095,"date":"2015-09-10T13:14:28","date_gmt":"2015-09-10T13:14:28","guid":{"rendered":"https:\/\/saloanoticias.mrmediaweb.com\/v1\/2015\/09\/10\/dilma-acabou-com-o-pais-diz-aecio\/"},"modified":"2015-09-10T13:14:28","modified_gmt":"2015-09-10T13:14:28","slug":"dilma-acabou-com-o-pais-diz-aecio","status":"publish","type":"post","link":"https:\/\/www.saloanoticias.com\/v1\/dilma-acabou-com-o-pais-diz-aecio\/","title":{"rendered":"DILMA ACABOU COM O PA\u00cdS, DIZ A\u00c9CIO"},"content":{"rendered":"<p align=\"justify\"><font size=\"3\" face=\"Arial\"><a href=\"http:\/\/www.saloanoticias.com\/images\/aecio-neves.jpg\"><img loading=\"lazy\" decoding=\"async\" title=\"Aecio-Neves\" style=\"border-top: 0px; border-right: 0px; background-image: none; border-bottom: 0px; float: left; padding-top: 0px; padding-left: 0px; margin: 5px 5px 0px 0px; border-left: 0px; display: inline; padding-right: 0px\" border=\"0\" alt=\"Aecio-Neves\" src=\"http:\/\/www.saloanoticias.com\/v1\/wp-content\/uploads\/imagens\/aecio-neves_thumb.jpg\" width=\"240\" align=\"left\" height=\"195\"><\/a>O senador A\u00e9cio Neves (PSDB) disse nesta quarta-feira (9) que o rebaixamento da nota do Brasil pela ag\u00eancia de risco Standard &amp; Poor&#8217;s \u00e9 &#8220;um desastre anunciado&#8221; e &#8220;resultado da incompet\u00eancia e dos erros do governo&#8221;. <\/font><font size=\"3\" face=\"Arial\">&#8220;O Brasil perdeu hoje o grau de investimento fruto de erros sucessivos de pol\u00edtica econ\u00f4mica dos \u00faltimos seis anos, agravados pelo desvio de recursos p\u00fablicos e aparelhamento pol\u00edtico das estatais. O cen\u00e1rio \u00e9 ainda mais grave porque estamos em um governo no qual a presidente terceirizou a sua pol\u00edtica econ\u00f4mica.<\/font> <\/p>\n<p align=\"justify\"><font size=\"3\" face=\"Arial\">Um governo que n\u00e3o tem hoje uma base pol\u00edtica com for\u00e7a para aprovar reformas estruturais e um governo que n\u00e3o tem sequer um plano de governo. Infelizmente, a perda do grau de investimento do Brasil e a perspectiva de revis\u00e3o negativa nos pr\u00f3ximos doze meses mostram que o governo da presidente Dilma acabou com o pa\u00eds&#8221;, postou o tucano em seu perfil no Facebook. Fonte: Blog do Magno Martins<\/font><\/p>\n<div style=\"margin-top: 0px; margin-bottom: 0px;\" class=\"sharethis-inline-share-buttons\" ><\/div>","protected":false},"excerpt":{"rendered":"<p>O senador A\u00e9cio Neves (PSDB) disse nesta quarta-feira (9) que o rebaixamento da nota do Brasil pela ag\u00eancia de risco Standard &amp; Poor&#8217;s \u00e9 &#8220;um desastre anunciado&#8221; e &#8220;resultado da incompet\u00eancia e dos erros do governo&#8221;. &#8220;O Brasil perdeu hoje o grau de investimento fruto de erros sucessivos de pol\u00edtica econ\u00f4mica dos \u00faltimos seis anos, [&hellip;]<\/p>\n","protected":false},"author":1,"featured_media":0,"comment_status":"open","ping_status":"open","sticky":false,"template":"","format":"standard","meta":{"footnotes":""},"categories":[2],"tags":[],"class_list":["post-2095","post","type-post","status-publish","format-standard","hentry","category-noticias-do-dia"],"_links":{"self":[{"href":"https:\/\/www.saloanoticias.com\/v1\/wp-json\/wp\/v2\/posts\/2095","targetHints":{"allow":["GET"]}}],"collection":[{"href":"https:\/\/www.saloanoticias.com\/v1\/wp-json\/wp\/v2\/posts"}],"about":[{"href":"https:\/\/www.saloanoticias.com\/v1\/wp-json\/wp\/v2\/types\/post"}],"author":[{"embeddable":true,"href":"https:\/\/www.saloanoticias.com\/v1\/wp-json\/wp\/v2\/users\/1"}],"replies":[{"embeddable":true,"href":"https:\/\/www.saloanoticias.com\/v1\/wp-json\/wp\/v2\/comments?post=2095"}],"version-history":[{"count":0,"href":"https:\/\/www.saloanoticias.com\/v1\/wp-json\/wp\/v2\/posts\/2095\/revisions"}],"wp:attachment":[{"href":"https:\/\/www.saloanoticias.com\/v1\/wp-json\/wp\/v2\/media?parent=2095"}],"wp:term":[{"taxonomy":"category","embeddable":true,"href":"https:\/\/www.saloanoticias.com\/v1\/wp-json\/wp\/v2\/categories?post=2095"},{"taxonomy":"post_tag","embeddable":true,"href":"https:\/\/www.saloanoticias.com\/v1\/wp-json\/wp\/v2\/tags?post=2095"}],"curies":[{"name":"wp","href":"https:\/\/api.w.org\/{rel}","templated":true}]}}