{"id":2093,"date":"2015-09-08T15:33:43","date_gmt":"2015-09-08T15:33:43","guid":{"rendered":"https:\/\/saloanoticias.mrmediaweb.com\/v1\/2015\/09\/08\/gilvan-pode-ficar-com-o-ptb-em-saloa\/"},"modified":"2015-09-08T15:33:43","modified_gmt":"2015-09-08T15:33:43","slug":"gilvan-pode-ficar-com-o-ptb-em-saloa","status":"publish","type":"post","link":"https:\/\/www.saloanoticias.com\/v1\/gilvan-pode-ficar-com-o-ptb-em-saloa\/","title":{"rendered":"GILVAN PODE FICAR COM O PTB EM SALO\u00c1"},"content":{"rendered":"<p align=\"justify\"><font size=\"3\" face=\"Arial\"><a href=\"http:\/\/www.saloanoticias.com\/images\/gilvan-sandoval-e-marcos_bd0c375c8695126b8c3e6f95042f7b0d.jpg\"><img loading=\"lazy\" decoding=\"async\" title=\"gilvan sandoval e marcos\" style=\"border-top: 0px; border-right: 0px; background-image: none; border-bottom: 0px; float: none; padding-top: 0px; padding-left: 0px; margin: 0px auto 10px; border-left: 0px; display: block; padding-right: 0px\" border=\"0\" alt=\"gilvan sandoval e marcos\" src=\"http:\/\/www.saloanoticias.com\/v1\/wp-content\/uploads\/imagens\/gilvan-sandoval-e-marcos_thumb_ca6833c243f64e448c8b972e796c8f5a.jpg\" width=\"465\" height=\"349\"><\/a>A poucos dias do t\u00e9rmino do prazo de filia\u00e7\u00f5es partid\u00e1rias, os pol\u00edticos saloaenses continuam com as famosas troca das cadeiras, uns entrando e outros saindo das principais legendas. Fato curioso foi o que aconteceu com o ex-prefeito Gilvan Pereira que saiu do comando do PSB e agora est\u00e1 sem partido. Em conversa com este blogueiro, o pr\u00f3prio Pereira informou que alguns partidos j\u00e1 lhe ofereceram abrigo, dentre eles o PTB do ministro Armando Monteiro.<\/font><\/p>\n<p align=\"justify\"><font size=\"3\" face=\"Arial\">Outra pessoa que tamb\u00e9m estaria interessada no comando deste partido no munic\u00edpio \u00e9 a vereadora Vilma da Prata, que no momento est\u00e1 no PSB, partido que agora est\u00e1 nas m\u00e3os da primeira dama do munic\u00edpio, Leila Aziz, conforme j\u00e1 foi publicado pelo vereador Wellington Freitas (PP) em seu di\u00e1rio de not\u00edcias. Muitas coisas podem acontecer at\u00e9 o dia 4 de outubro quando termina o prazo de filia\u00e7\u00f5es e por isso os aconchegos partid\u00e1rios ainda est\u00e3o indefinidos para muitos.<\/font><\/p>\n<div style=\"margin-top: 0px; margin-bottom: 0px;\" class=\"sharethis-inline-share-buttons\" ><\/div>","protected":false},"excerpt":{"rendered":"<p>A poucos dias do t\u00e9rmino do prazo de filia\u00e7\u00f5es partid\u00e1rias, os pol\u00edticos saloaenses continuam com as famosas troca das cadeiras, uns entrando e outros saindo das principais legendas. Fato curioso foi o que aconteceu com o ex-prefeito Gilvan Pereira que saiu do comando do PSB e agora est\u00e1 sem partido. Em conversa com este blogueiro, [&hellip;]<\/p>\n","protected":false},"author":1,"featured_media":0,"comment_status":"open","ping_status":"open","sticky":false,"template":"","format":"standard","meta":{"footnotes":""},"categories":[2],"tags":[],"class_list":["post-2093","post","type-post","status-publish","format-standard","hentry","category-noticias-do-dia"],"_links":{"self":[{"href":"https:\/\/www.saloanoticias.com\/v1\/wp-json\/wp\/v2\/posts\/2093","targetHints":{"allow":["GET"]}}],"collection":[{"href":"https:\/\/www.saloanoticias.com\/v1\/wp-json\/wp\/v2\/posts"}],"about":[{"href":"https:\/\/www.saloanoticias.com\/v1\/wp-json\/wp\/v2\/types\/post"}],"author":[{"embeddable":true,"href":"https:\/\/www.saloanoticias.com\/v1\/wp-json\/wp\/v2\/users\/1"}],"replies":[{"embeddable":true,"href":"https:\/\/www.saloanoticias.com\/v1\/wp-json\/wp\/v2\/comments?post=2093"}],"version-history":[{"count":0,"href":"https:\/\/www.saloanoticias.com\/v1\/wp-json\/wp\/v2\/posts\/2093\/revisions"}],"wp:attachment":[{"href":"https:\/\/www.saloanoticias.com\/v1\/wp-json\/wp\/v2\/media?parent=2093"}],"wp:term":[{"taxonomy":"category","embeddable":true,"href":"https:\/\/www.saloanoticias.com\/v1\/wp-json\/wp\/v2\/categories?post=2093"},{"taxonomy":"post_tag","embeddable":true,"href":"https:\/\/www.saloanoticias.com\/v1\/wp-json\/wp\/v2\/tags?post=2093"}],"curies":[{"name":"wp","href":"https:\/\/api.w.org\/{rel}","templated":true}]}}