{"id":2092,"date":"2015-09-09T10:00:00","date_gmt":"2015-09-09T10:00:00","guid":{"rendered":"https:\/\/saloanoticias.mrmediaweb.com\/v1\/2015\/09\/09\/paulo-camara-libera-5-grandes-barragens-para-saloa\/"},"modified":"2015-09-09T10:00:00","modified_gmt":"2015-09-09T10:00:00","slug":"paulo-camara-libera-5-grandes-barragens-para-saloa","status":"publish","type":"post","link":"https:\/\/www.saloanoticias.com\/v1\/paulo-camara-libera-5-grandes-barragens-para-saloa\/","title":{"rendered":"C\u00c2MARA LIBEROU 05 GRANDES BARRAGENS PARA SALO\u00c1"},"content":{"rendered":"<p align=\"justify\"><font size=\"3\" face=\"Arial\"><a href=\"http:\/\/www.saloanoticias.com\/images\/ricardo-e-cmara.jpg\"><img loading=\"lazy\" decoding=\"async\" title=\"Ricardo e C&acirc;mara\" style=\"border-top: 0px; border-right: 0px; background-image: none; border-bottom: 0px; float: none; padding-top: 0px; padding-left: 0px; margin: 0px auto 10px; border-left: 0px; display: block; padding-right: 0px\" border=\"0\" alt=\"Ricardo e C&acirc;mara\" src=\"http:\/\/www.saloanoticias.com\/v1\/wp-content\/uploads\/imagens\/ricardo-e-cmara_thumb.jpg\" width=\"524\" height=\"348\"><\/a>O prefeito de Salo\u00e1\/PE n\u00e3o para de buscar recursos e benef\u00edcios para o seu munic\u00edpio junto ao governo do estado, e esta semana anunciou em primeira m\u00e3o ao redator deste blog a libera\u00e7\u00e3o e posterior constru\u00e7\u00e3o de 05 (cinco) grandes barragens na zona rural. Das cinco, tr\u00eas j\u00e1 tem destina\u00e7\u00e3o certa e ser\u00e3o constru\u00eddas no povoado Serrinha da Prata, outra no s\u00edtio Manoel Ferreira e a terceira na Camaratuba do Catimbau, por\u00e9m, as outras duas ser\u00e3o localizadas ainda pela gest\u00e3o municipal que far\u00e1 o estudo de viabilidade de local.<\/font><\/p>\n<p align=\"justify\"><font size=\"3\" face=\"Arial\">O an\u00fancio das barragens foi feito pelo pr\u00f3prio governador do estado durante a reuni\u00e3o que teve com o prefeito e com o secret\u00e1rio de planejamento e gest\u00e3o, Danilo Cabral, no dia 1\u00ba de setembro no Pal\u00e1cio do Campo das Princesas no Recife. Ricardo nos disse que sua rela\u00e7\u00e3o de amizade com o governador e com o secretario tem facilitado as coisas para o seu munic\u00edpio, e isso, tem o deixado muito feliz e gratificado. Ainda segundo ele, outras a\u00e7\u00f5es t\u00e3o importantes quanto essas vir\u00e3o para nossa cidade em breve, mas n\u00e3o quis adiantar quais s\u00e3o.<\/font><\/p>\n<p align=\"justify\"><font size=\"3\" face=\"Arial\">O dinheiro das obras j\u00e1 ser\u00e1 liberado e as m\u00e1quinas dever\u00e3o come\u00e7ar a trabalhar, gerando inclusive, emprego tamb\u00e9m para os saloaenses, destacou Ricardo Alves. Desde o come\u00e7o de sua gest\u00e3o Ricardo tem conseguido investimentos vultuosos para Salo\u00e1 e isso tem trazido um desenvolvimento jamais visto antes. Com a implanta\u00e7\u00e3o desta barragem na Serrinhas da Prata, por exemplo, a seca naquela regi\u00e3o tende a se acabar, j\u00e1 que espera-se uma grande vaz\u00e3o, suprindo a necessidade daquela popula\u00e7\u00e3o.<\/font><\/p>\n<p align=\"justify\"><font size=\"3\" face=\"Arial\">A mesma coisa acontecer\u00e1 com as comunidades do s\u00edtio Manoel Ferreira e adjac\u00eancias, bem como Camaratuba da Prata e regi\u00e3o. Ricardo finalizou o an\u00fancio dizendo que pretende acabar definitivamente com o problema da seca na sua terra natal e conta com o apoio dos seus amigos Paulo e Danilo para que isso venha a acontecer. Estamos mudando a realidade de Salo\u00e1, e todos est\u00e3o vendo isso, destacou o jovem prefeito.<\/font><\/p>\n<div style=\"margin-top: 0px; margin-bottom: 0px;\" class=\"sharethis-inline-share-buttons\" ><\/div>","protected":false},"excerpt":{"rendered":"<p>O prefeito de Salo\u00e1\/PE n\u00e3o para de buscar recursos e benef\u00edcios para o seu munic\u00edpio junto ao governo do estado, e esta semana anunciou em primeira m\u00e3o ao redator deste blog a libera\u00e7\u00e3o e posterior constru\u00e7\u00e3o de 05 (cinco) grandes barragens na zona rural. Das cinco, tr\u00eas j\u00e1 tem destina\u00e7\u00e3o certa e ser\u00e3o constru\u00eddas no [&hellip;]<\/p>\n","protected":false},"author":1,"featured_media":0,"comment_status":"open","ping_status":"open","sticky":false,"template":"","format":"standard","meta":{"footnotes":""},"categories":[2],"tags":[],"class_list":["post-2092","post","type-post","status-publish","format-standard","hentry","category-noticias-do-dia"],"_links":{"self":[{"href":"https:\/\/www.saloanoticias.com\/v1\/wp-json\/wp\/v2\/posts\/2092","targetHints":{"allow":["GET"]}}],"collection":[{"href":"https:\/\/www.saloanoticias.com\/v1\/wp-json\/wp\/v2\/posts"}],"about":[{"href":"https:\/\/www.saloanoticias.com\/v1\/wp-json\/wp\/v2\/types\/post"}],"author":[{"embeddable":true,"href":"https:\/\/www.saloanoticias.com\/v1\/wp-json\/wp\/v2\/users\/1"}],"replies":[{"embeddable":true,"href":"https:\/\/www.saloanoticias.com\/v1\/wp-json\/wp\/v2\/comments?post=2092"}],"version-history":[{"count":0,"href":"https:\/\/www.saloanoticias.com\/v1\/wp-json\/wp\/v2\/posts\/2092\/revisions"}],"wp:attachment":[{"href":"https:\/\/www.saloanoticias.com\/v1\/wp-json\/wp\/v2\/media?parent=2092"}],"wp:term":[{"taxonomy":"category","embeddable":true,"href":"https:\/\/www.saloanoticias.com\/v1\/wp-json\/wp\/v2\/categories?post=2092"},{"taxonomy":"post_tag","embeddable":true,"href":"https:\/\/www.saloanoticias.com\/v1\/wp-json\/wp\/v2\/tags?post=2092"}],"curies":[{"name":"wp","href":"https:\/\/api.w.org\/{rel}","templated":true}]}}