{"id":2091,"date":"2015-09-09T02:00:00","date_gmt":"2015-09-09T02:00:00","guid":{"rendered":"https:\/\/saloanoticias.mrmediaweb.com\/v1\/2015\/09\/09\/iphone-6s-sera-lancado-nesta-quarta-9\/"},"modified":"2015-09-09T02:00:00","modified_gmt":"2015-09-09T02:00:00","slug":"iphone-6s-sera-lancado-nesta-quarta-9","status":"publish","type":"post","link":"https:\/\/www.saloanoticias.com\/v1\/iphone-6s-sera-lancado-nesta-quarta-9\/","title":{"rendered":"IPHONE 6S SER\u00c1 LAN\u00c7ADO NESTA QUARTA"},"content":{"rendered":"<p align=\"justify\"><font size=\"3\" face=\"Arial\"><a href=\"http:\/\/www.saloanoticias.com\/images\/dsc_2789_7c5038821bfd950f60addd77bc1ab2b8.jpg\"><img loading=\"lazy\" decoding=\"async\" title=\"DSC_2789\" style=\"border-left-width: 0px; border-right-width: 0px; background-image: none; border-bottom-width: 0px; float: left; padding-top: 0px; padding-left: 0px; margin: 5px 5px 0px 0px; display: inline; padding-right: 0px; border-top-width: 0px\" border=\"0\" alt=\"DSC_2789\" src=\"http:\/\/www.saloanoticias.com\/v1\/wp-content\/uploads\/imagens\/dsc_2789_thumb_f9538fa8e349e0cc14556800abed1503.jpg\" width=\"243\" align=\"left\" height=\"211\"><\/a>Tudo leva a crer que os pr\u00f3ximo iPhones que provavelmente ser\u00e3o lan\u00e7ados na pr\u00f3xima quarta-feira (9) c<\/font><font size=\"3\" face=\"Arial\">ontar\u00e3o com a tecnologia Force Touch, que reconhece os comandos pela intensidade dos toques na tela. <\/font><font size=\"3\" face=\"Arial\">A Apple foi pioneira no uso do sensor, com o novo MacBook e o Apple Watch, lan\u00e7ados no in\u00edcio de mar\u00e7o deste ano. N\u00e3o quer dizer, no entanto, que a empresa simplesmente migrar a tecnologia para os prov\u00e1veis iPhones 6S e 6S Plus.<\/font><\/p>\n<p align=\"justify\"><font size=\"3\" face=\"Arial\">Segundo o <\/font><a href=\"http:\/\/9to5mac.com\/2015\/09\/05\/iphone-6s-3d-touch-screen\/\"><font size=\"3\" face=\"Arial\">site 9to5Mac<\/font><\/a><font size=\"3\" face=\"Arial\">, a Apple teria criado uma vers\u00e3o do sensor para os seus novos smartphones com capacidade de reconhecer a tr\u00eas tipos de intera\u00e7\u00e3o com a tela, n\u00e3o mais apenas dois. <\/font><font size=\"3\" face=\"Arial\">O \u201c3D Touch Display&#8221;, como foi batizado, reconheceria o toque simples, o pressionado e o mais longo com maior intensidade. O incremento, segundo o site especializado em rumores sobre os lan\u00e7amentos da Apple, teria sido favorecido pelo tamanho da tela dos iPhones que acredita-se que n\u00e3o ser\u00e1 muito diferente das atuais vers\u00f5es.<\/font>  <\/p>\n<p align=\"justify\"><font size=\"3\" face=\"Arial\">A novidade, como aponta 9to5Mac, deve ser adaptada aos mais v\u00e1rios apps da Apple. Ao acessar o app de Mapas da marca, por exemplo, o toque mais forte em um ponto de interesse ser\u00e1 suficiente para dar in\u00edcio \u00e0 navega\u00e7\u00e3o. Fonte: <a href=\"http:\/\/www.Uol.com.br\">www.Uol.com.br<\/a><\/font><\/p>\n<div style=\"margin-top: 0px; margin-bottom: 0px;\" class=\"sharethis-inline-share-buttons\" ><\/div>","protected":false},"excerpt":{"rendered":"<p>Tudo leva a crer que os pr\u00f3ximo iPhones que provavelmente ser\u00e3o lan\u00e7ados na pr\u00f3xima quarta-feira (9) contar\u00e3o com a tecnologia Force Touch, que reconhece os comandos pela intensidade dos toques na tela. A Apple foi pioneira no uso do sensor, com o novo MacBook e o Apple Watch, lan\u00e7ados no in\u00edcio de mar\u00e7o deste ano. [&hellip;]<\/p>\n","protected":false},"author":1,"featured_media":0,"comment_status":"open","ping_status":"open","sticky":false,"template":"","format":"standard","meta":{"footnotes":""},"categories":[2],"tags":[],"class_list":["post-2091","post","type-post","status-publish","format-standard","hentry","category-noticias-do-dia"],"_links":{"self":[{"href":"https:\/\/www.saloanoticias.com\/v1\/wp-json\/wp\/v2\/posts\/2091","targetHints":{"allow":["GET"]}}],"collection":[{"href":"https:\/\/www.saloanoticias.com\/v1\/wp-json\/wp\/v2\/posts"}],"about":[{"href":"https:\/\/www.saloanoticias.com\/v1\/wp-json\/wp\/v2\/types\/post"}],"author":[{"embeddable":true,"href":"https:\/\/www.saloanoticias.com\/v1\/wp-json\/wp\/v2\/users\/1"}],"replies":[{"embeddable":true,"href":"https:\/\/www.saloanoticias.com\/v1\/wp-json\/wp\/v2\/comments?post=2091"}],"version-history":[{"count":0,"href":"https:\/\/www.saloanoticias.com\/v1\/wp-json\/wp\/v2\/posts\/2091\/revisions"}],"wp:attachment":[{"href":"https:\/\/www.saloanoticias.com\/v1\/wp-json\/wp\/v2\/media?parent=2091"}],"wp:term":[{"taxonomy":"category","embeddable":true,"href":"https:\/\/www.saloanoticias.com\/v1\/wp-json\/wp\/v2\/categories?post=2091"},{"taxonomy":"post_tag","embeddable":true,"href":"https:\/\/www.saloanoticias.com\/v1\/wp-json\/wp\/v2\/tags?post=2091"}],"curies":[{"name":"wp","href":"https:\/\/api.w.org\/{rel}","templated":true}]}}