{"id":2090,"date":"2015-09-08T10:00:00","date_gmt":"2015-09-08T10:00:00","guid":{"rendered":"https:\/\/saloanoticias.mrmediaweb.com\/v1\/2015\/09\/08\/encontro-de-bandas-em-saloa-reune-mais-de-5-000-pessoas-na-praca-sao-vicente\/"},"modified":"2015-09-08T10:00:00","modified_gmt":"2015-09-08T10:00:00","slug":"encontro-de-bandas-em-saloa-reune-mais-de-5-000-pessoas-na-praca-sao-vicente","status":"publish","type":"post","link":"https:\/\/www.saloanoticias.com\/v1\/encontro-de-bandas-em-saloa-reune-mais-de-5-000-pessoas-na-praca-sao-vicente\/","title":{"rendered":"ENCONTRO DE BANDAS EM SALO\u00c1\/PE RE\u00daNE MAIS DE 5.000 PESSOAS NESTE DOMINGO"},"content":{"rendered":"<p align=\"justify\"><font size=\"3\" face=\"Arial\"><a href=\"http:\/\/www.saloanoticias.com\/images\/desfile-02.jpg\"><img loading=\"lazy\" decoding=\"async\" title=\"Desfile 02\" style=\"border-top: 0px; border-right: 0px; background-image: none; border-bottom: 0px; float: none; padding-top: 0px; padding-left: 0px; margin: 0px auto 10px; border-left: 0px; display: block; padding-right: 0px\" border=\"0\" alt=\"Desfile 02\" src=\"http:\/\/www.saloanoticias.com\/v1\/wp-content\/uploads\/imagens\/desfile-02_thumb.jpg\" width=\"598\" height=\"488\"><\/a>O Segundo Encontro de Bandas e Fanfarras pr<\/font><font size=\"3\" face=\"Arial\">omovido pela prefeitura e pela <\/font><font size=\"3\" face=\"Arial\">secretaria de educa\u00e7\u00e3o da cidade de Salo\u00e1 foi um verdadeiro sucesso de p\u00fablico e de organiza\u00e7\u00e3o. Mais de 10 bandas de Salo\u00e1 e de munic\u00edpios vizinhos se apresentaram na frente do palanque foi montado na frente da igreja matriz de S\u00e3o Vicente de Paulo no centro. Os organizadores estimara<\/font><font size=\"3\" face=\"Arial\">m em torno 5.000 pessoas acompanhando o evento, fam\u00edlias que gostam de comemorar a semana da p\u00e1tria.<\/font><\/p>\n<p align=\"justify\"><a href=\"http:\/\/www.saloanoticias.com\/images\/desfile04.jpg\"><img loading=\"lazy\" decoding=\"async\" title=\"Desfile04\" style=\"border-top: 0px; border-right: 0px; background-image: none; border-bottom: 0px; float: none; padding-top: 0px; padding-left: 0px; margin-left: auto; border-left: 0px; display: block; padding-right: 0px; margin-right: auto\" border=\"0\" alt=\"Desfile04\" src=\"http:\/\/www.saloanoticias.com\/v1\/wp-content\/uploads\/imagens\/desfile04_thumb.jpg\" width=\"596\" height=\"355\"><\/a><\/p>\n<p align=\"justify\"><font size=\"3\" face=\"Arial\">Al\u00e9m do prefeito Ricardo Alves estavam presentes o<\/font><font size=\"3\" face=\"Arial\"> ex-deputado Manoel Alves de Souza, os vereadores Barba, Izenilda Brand\u00e3o, Ronaldinho, Ivan do Co\u00eama e Ferreirinha, secret\u00e1rios e outras autoridades municipais. A secret\u00e1ria de educa\u00e7\u00e3o, Sra. <\/font><font size=\"3\" face=\"Arial\">Josevalda Cavalcanti, <\/font><font size=\"3\" face=\"Arial\">disse que estava muito feliz pelo sucesso do evento, apontando o grande p\u00fablico que ficou no local do desfile por mais de 5 horas, vendo cada detalhe da festa. J\u00e1 o prefeito se disse bastante satisfeito com o resultado do encontro.<\/font><\/p>\n<p align=\"justify\"><a href=\"http:\/\/www.saloanoticias.com\/images\/desfile-07.jpg\"><img loading=\"lazy\" decoding=\"async\" title=\"Desfile 07\" style=\"border-top: 0px; border-right: 0px; background-image: none; border-bottom: 0px; float: none; padding-top: 0px; padding-left: 0px; margin-left: auto; border-left: 0px; display: block; padding-right: 0px; margin-right: auto\" border=\"0\" alt=\"Desfile 07\" src=\"http:\/\/www.saloanoticias.com\/v1\/wp-content\/uploads\/imagens\/desfile-07_thumb.jpg\" width=\"596\" height=\"375\"><\/a><\/p>\n<p align=\"justify\"><font size=\"3\" face=\"Arial\">Ainda segundo ele, os mun\u00edcipes est\u00e3o de parab\u00e9ns por comparecer maci\u00e7amente e ordeiramente<\/font><font size=\"3\" face=\"Arial\">, e que no pr\u00f3ximo ano pretende <\/font><font size=\"3\" face=\"Arial\">realizar uma festa ainda mais grandiosa, j\u00e1 que a popula\u00e7\u00e3o participa ativamente e, apesar das dificuldades financeiras enfrentadas por todos os munic\u00edpios durante este ano de 2015, <\/font><font size=\"3\" face=\"Arial\">n\u00e3o poderia deixar a data passar em branco.<\/font><\/p>\n<p align=\"justify\"><a href=\"http:\/\/www.saloanoticias.com\/images\/desfile05.jpg\"><img loading=\"lazy\" decoding=\"async\" title=\"Desfile05\" style=\"border-top: 0px; border-right: 0px; background-image: none; border-bottom: 0px; float: none; padding-top: 0px; padding-left: 0px; margin-left: auto; border-left: 0px; display: block; padding-right: 0px; margin-right: auto\" border=\"0\" alt=\"Desfile05\" src=\"http:\/\/www.saloanoticias.com\/v1\/wp-content\/uploads\/imagens\/desfile05_thumb.jpg\" width=\"598\" height=\"396\"><\/a><\/p>\n<p align=\"justify\"><font size=\"3\" face=\"Arial\"><strong><font size=\"4\">PARTICIPA\u00c7\u00c3O DAS ESCOLAS<\/font><\/strong>: As bandas das escolas deram um show \u00e0 parte, apresentando n\u00fameros <\/font><font size=\"3\" face=\"Arial\">super preparados com coreografias perfeitas. Os destaques ficaram para as bandas das <\/font><font size=\"3\" face=\"Arial\">escolas <\/font><font size=\"3\" face=\"Arial\">S\u00e3o Vicente, Monsenhor Jo\u00e3o Marques, Santa M\u00f4nica, Irm\u00e3 Dulce e Intermedi\u00e1ria Manoel Tiago Mendes da Prata. A diretora Ver\u00f4nica da Irm\u00e3 Dulce estava bastante emocionada e disse que aquele era um momento marcante para ela e seus alunos.<\/font><\/p>\n<p align=\"justify\"><a href=\"http:\/\/www.saloanoticias.com\/images\/desfile-03.jpg\"><img loading=\"lazy\" decoding=\"async\" title=\"Desfile 03\" style=\"border-top: 0px; border-right: 0px; background-image: none; border-bottom: 0px; float: none; padding-top: 0px; padding-left: 0px; margin-left: auto; border-left: 0px; display: block; padding-right: 0px; margin-right: auto\" border=\"0\" alt=\"Desfile 03\" src=\"http:\/\/www.saloanoticias.com\/v1\/wp-content\/uploads\/imagens\/desfile-03_thumb.jpg\" width=\"597\" height=\"396\"><\/a><\/p>\n<p align=\"justify\"><font size=\"3\" face=\"Arial\">Beatriz da Santa M\u00f4nica recebeu um trof\u00e9u pela apresenta\u00e7\u00e3o da sua agremia\u00e7\u00e3o e tamb\u00e9m se disse feliz por tudo que aconteceu na noite deste dia 6 de setembro. Os professores Jos\u00e9 Maria, Dona Dita e Adriana tamb\u00e9m foram agraciados pela prefeitura com lindos trof\u00e9us por representarem suas bandas na festa. Fotos: Jr. Gracindo<\/font><\/p>\n<p align=\"justify\"><font size=\"3\" face=\"Arial\"><a href=\"http:\/\/www.saloanoticias.com\/images\/desfile-06.jpg\"><img loading=\"lazy\" decoding=\"async\" title=\"Desfile 06\" style=\"border-top: 0px; border-right: 0px; background-image: none; border-bottom: 0px; float: none; padding-top: 0px; padding-left: 0px; margin-left: auto; border-left: 0px; display: block; padding-right: 0px; margin-right: auto\" border=\"0\" alt=\"Desfile 06\" src=\"http:\/\/www.saloanoticias.com\/v1\/wp-content\/uploads\/imagens\/desfile-06_thumb.jpg\" width=\"600\" height=\"362\"><\/a><\/font><\/p>\n<p align=\"justify\"><a href=\"http:\/\/www.saloanoticias.com\/images\/desfile-05.jpg\"><img loading=\"lazy\" decoding=\"async\" title=\"Desfile 05\" style=\"border-top: 0px; border-right: 0px; background-image: none; border-bottom: 0px; float: none; padding-top: 0px; padding-left: 0px; margin-left: auto; border-left: 0px; display: block; padding-right: 0px; margin-right: auto\" border=\"0\" alt=\"Desfile 05\" src=\"http:\/\/www.saloanoticias.com\/v1\/wp-content\/uploads\/imagens\/desfile-05_thumb.jpg\" width=\"602\" height=\"334\"><\/a><\/p>\n<p align=\"justify\"><a href=\"http:\/\/www.saloanoticias.com\/images\/desfile08.jpg\"><img loading=\"lazy\" decoding=\"async\" title=\"Desfile08\" style=\"border-top: 0px; border-right: 0px; background-image: none; border-bottom: 0px; float: none; padding-top: 0px; padding-left: 0px; margin-left: auto; border-left: 0px; display: block; padding-right: 0px; margin-right: auto\" border=\"0\" alt=\"Desfile08\" src=\"http:\/\/www.saloanoticias.com\/v1\/wp-content\/uploads\/imagens\/desfile08_thumb.jpg\" width=\"600\" height=\"385\"><\/a><\/p>\n<p align=\"justify\"><a href=\"http:\/\/www.saloanoticias.com\/images\/desfile09.jpg\"><img loading=\"lazy\" decoding=\"async\" title=\"Desfile09\" style=\"border-top: 0px; border-right: 0px; background-image: none; border-bottom: 0px; float: none; padding-top: 0px; padding-left: 0px; margin-left: auto; border-left: 0px; display: block; padding-right: 0px; margin-right: auto\" border=\"0\" alt=\"Desfile09\" src=\"http:\/\/www.saloanoticias.com\/v1\/wp-content\/uploads\/imagens\/desfile09_thumb.jpg\" width=\"599\" height=\"397\"><\/a><\/p>\n<p align=\"justify\"><a href=\"http:\/\/www.saloanoticias.com\/images\/desfile07.jpg\"><img loading=\"lazy\" decoding=\"async\" title=\"Desfile07\" style=\"border-top: 0px; border-right: 0px; background-image: none; border-bottom: 0px; float: none; padding-top: 0px; padding-left: 0px; margin-left: auto; border-left: 0px; display: block; padding-right: 0px; margin-right: auto\" border=\"0\" alt=\"Desfile07\" src=\"http:\/\/www.saloanoticias.com\/v1\/wp-content\/uploads\/imagens\/desfile07_thumb.jpg\" width=\"597\" height=\"351\"><\/a><\/p>\n<div style=\"margin-top: 0px; margin-bottom: 0px;\" class=\"sharethis-inline-share-buttons\" ><\/div>","protected":false},"excerpt":{"rendered":"<p>O Segundo Encontro de Bandas e Fanfarras promovido pela prefeitura e pela secretaria de educa\u00e7\u00e3o da cidade de Salo\u00e1 foi um verdadeiro sucesso de p\u00fablico e de organiza\u00e7\u00e3o. Mais de 10 bandas de Salo\u00e1 e de munic\u00edpios vizinhos se apresentaram na frente do palanque foi montado na frente da igreja matriz de S\u00e3o Vicente de [&hellip;]<\/p>\n","protected":false},"author":1,"featured_media":0,"comment_status":"open","ping_status":"open","sticky":false,"template":"","format":"standard","meta":{"footnotes":""},"categories":[2],"tags":[],"class_list":["post-2090","post","type-post","status-publish","format-standard","hentry","category-noticias-do-dia"],"_links":{"self":[{"href":"https:\/\/www.saloanoticias.com\/v1\/wp-json\/wp\/v2\/posts\/2090","targetHints":{"allow":["GET"]}}],"collection":[{"href":"https:\/\/www.saloanoticias.com\/v1\/wp-json\/wp\/v2\/posts"}],"about":[{"href":"https:\/\/www.saloanoticias.com\/v1\/wp-json\/wp\/v2\/types\/post"}],"author":[{"embeddable":true,"href":"https:\/\/www.saloanoticias.com\/v1\/wp-json\/wp\/v2\/users\/1"}],"replies":[{"embeddable":true,"href":"https:\/\/www.saloanoticias.com\/v1\/wp-json\/wp\/v2\/comments?post=2090"}],"version-history":[{"count":0,"href":"https:\/\/www.saloanoticias.com\/v1\/wp-json\/wp\/v2\/posts\/2090\/revisions"}],"wp:attachment":[{"href":"https:\/\/www.saloanoticias.com\/v1\/wp-json\/wp\/v2\/media?parent=2090"}],"wp:term":[{"taxonomy":"category","embeddable":true,"href":"https:\/\/www.saloanoticias.com\/v1\/wp-json\/wp\/v2\/categories?post=2090"},{"taxonomy":"post_tag","embeddable":true,"href":"https:\/\/www.saloanoticias.com\/v1\/wp-json\/wp\/v2\/tags?post=2090"}],"curies":[{"name":"wp","href":"https:\/\/api.w.org\/{rel}","templated":true}]}}