{"id":2089,"date":"2015-09-07T13:38:03","date_gmt":"2015-09-07T13:38:03","guid":{"rendered":"https:\/\/saloanoticias.mrmediaweb.com\/v1\/2015\/09\/07\/inscricoes-para-eleicao-do-conselho-tutelar-de-saloa-estao-abertas\/"},"modified":"2015-09-07T13:38:03","modified_gmt":"2015-09-07T13:38:03","slug":"inscricoes-para-eleicao-do-conselho-tutelar-de-saloa-estao-abertas","status":"publish","type":"post","link":"https:\/\/www.saloanoticias.com\/v1\/inscricoes-para-eleicao-do-conselho-tutelar-de-saloa-estao-abertas\/","title":{"rendered":"INSCRI\u00c7\u00d5ES  PARA ELEI\u00c7\u00c3O DO CONSELHO TUTELAR DE SALO\u00c1 J\u00c1 EST\u00c3O ABERTAS"},"content":{"rendered":"<p align=\"justify\"><font size=\"3\" face=\"Arial\"><a href=\"http:\/\/www.saloanoticias.com\/images\/salo-notcias_895dfdaa5e34c45f3f869db2cd5820f0.jpg\"><img loading=\"lazy\" decoding=\"async\" title=\"Salo&aacute; Not&iacute;cias\" style=\"border-top: 0px; border-right: 0px; background-image: none; border-bottom: 0px; float: left; padding-top: 0px; padding-left: 0px; margin: 5px 5px 0px 0px; border-left: 0px; display: inline; padding-right: 0px\" border=\"0\" alt=\"Salo&aacute; Not&iacute;cias\" src=\"http:\/\/www.saloanoticias.com\/v1\/wp-content\/uploads\/imagens\/salo-notcias_thumb_9d6aa1e0e0cb1a838722e256d3206388.jpg\" width=\"270\" align=\"left\" height=\"204\"><\/a>Est\u00e3o abertas as inscri\u00e7\u00f5es para quem quiser concorrer a uma das 5 vagas do Conselho Tutelar da cidade de Salo\u00e1\/PE. O prazo come\u00e7ou a contar desde a \u00faltima sexta dia 4\/9 e se estende at\u00e9 a pr\u00f3xima quinta-feira, dia 10 de setembro. Os hor\u00e1rios s\u00e3o das 8:00 \u00e0s 12:00 horas e das 14:00 \u00e0s 17:00 horas na sede do CREAS que fica na pra\u00e7a S\u00e3o Vicente no centro.<\/font><\/p>\n<p align=\"justify\"><font size=\"3\" face=\"Arial\">O sal\u00e1rio dos novos integrantes do conselho ser\u00e1 de R$ 1.000,00 (mil reais) fora as gratifica\u00e7\u00f5es e ter\u00e3o mandatos de 4 anos. <\/font><font size=\"3\" face=\"Arial\">Os interessados devem se informar sobre a elei\u00e7\u00e3o o mais r\u00e1pido poss\u00edvel, j\u00e1 que para disputar uma das vagas, os mesmos devem ler o edital que est\u00e1 afixado na C\u00e2mara dos Vereadores, na Prefeitura, no F\u00f3rum Dr. Joaquim Cirilo e no Minist\u00e9rio P\u00fablico.<\/font><\/p>\n<p align=\"justify\"><font size=\"3\" face=\"Arial\">Neste edital constam todas as informa\u00e7\u00f5es e ainda os requisitos e habilidades para os pretensos candidatos. <\/font><font size=\"3\" face=\"Arial\">Em Salo\u00e1 ser\u00e3o 5 vagas e, dos atuais conselheiros, apenas 2 concorrer\u00e3o a reelei\u00e7\u00e3o, segundo nos foi informado pelos representantes do CONDICA (Conselho de Direito da Crian\u00e7a e do Adolescente). Este ano o pleito ser\u00e1 unificado em todas as cidades do Brasil e acontecem no dia 4 de outubro, ou seja, primeiro domingo do m\u00eas.<\/font><\/p>\n<p align=\"justify\"><font size=\"3\" face=\"Arial\">A elei\u00e7\u00e3o ter\u00e1 a responsabilidade da Prefeitura Municipal do CONDICA depois de previamente autorizada pela C\u00e2mara dos Vereadores atrav\u00e9s de lei municipal, o que j\u00e1 aconteceu.<\/font><\/p>\n<div style=\"margin-top: 0px; margin-bottom: 0px;\" class=\"sharethis-inline-share-buttons\" ><\/div>","protected":false},"excerpt":{"rendered":"<p>Est\u00e3o abertas as inscri\u00e7\u00f5es para quem quiser concorrer a uma das 5 vagas do Conselho Tutelar da cidade de Salo\u00e1\/PE. O prazo come\u00e7ou a contar desde a \u00faltima sexta dia 4\/9 e se estende at\u00e9 a pr\u00f3xima quinta-feira, dia 10 de setembro. Os hor\u00e1rios s\u00e3o das 8:00 \u00e0s 12:00 horas e das 14:00 \u00e0s 17:00 [&hellip;]<\/p>\n","protected":false},"author":1,"featured_media":0,"comment_status":"open","ping_status":"open","sticky":false,"template":"","format":"standard","meta":{"footnotes":""},"categories":[2],"tags":[],"class_list":["post-2089","post","type-post","status-publish","format-standard","hentry","category-noticias-do-dia"],"_links":{"self":[{"href":"https:\/\/www.saloanoticias.com\/v1\/wp-json\/wp\/v2\/posts\/2089","targetHints":{"allow":["GET"]}}],"collection":[{"href":"https:\/\/www.saloanoticias.com\/v1\/wp-json\/wp\/v2\/posts"}],"about":[{"href":"https:\/\/www.saloanoticias.com\/v1\/wp-json\/wp\/v2\/types\/post"}],"author":[{"embeddable":true,"href":"https:\/\/www.saloanoticias.com\/v1\/wp-json\/wp\/v2\/users\/1"}],"replies":[{"embeddable":true,"href":"https:\/\/www.saloanoticias.com\/v1\/wp-json\/wp\/v2\/comments?post=2089"}],"version-history":[{"count":0,"href":"https:\/\/www.saloanoticias.com\/v1\/wp-json\/wp\/v2\/posts\/2089\/revisions"}],"wp:attachment":[{"href":"https:\/\/www.saloanoticias.com\/v1\/wp-json\/wp\/v2\/media?parent=2089"}],"wp:term":[{"taxonomy":"category","embeddable":true,"href":"https:\/\/www.saloanoticias.com\/v1\/wp-json\/wp\/v2\/categories?post=2089"},{"taxonomy":"post_tag","embeddable":true,"href":"https:\/\/www.saloanoticias.com\/v1\/wp-json\/wp\/v2\/tags?post=2089"}],"curies":[{"name":"wp","href":"https:\/\/api.w.org\/{rel}","templated":true}]}}