{"id":2088,"date":"2015-09-07T13:12:17","date_gmt":"2015-09-07T13:12:17","guid":{"rendered":"https:\/\/saloanoticias.mrmediaweb.com\/v1\/2015\/09\/07\/produtores-de-leite-do-agreste-voltam-a-sofrer-com-a-seca\/"},"modified":"2015-09-07T13:12:17","modified_gmt":"2015-09-07T13:12:17","slug":"produtores-de-leite-do-agreste-voltam-a-sofrer-com-a-seca","status":"publish","type":"post","link":"https:\/\/www.saloanoticias.com\/v1\/produtores-de-leite-do-agreste-voltam-a-sofrer-com-a-seca\/","title":{"rendered":"PRODUTORES DE LEITE VOLTAM A SOFRER COM A SECA NO AGRESTE MERIDIONAL"},"content":{"rendered":"<p align=\"justify\"><font size=\"3\" face=\"Arial\"><a href=\"http:\/\/www.saloanoticias.com\/images\/salo-notcias_fb9f92bc5238b600d004771235b04407.jpg\"><img loading=\"lazy\" decoding=\"async\" title=\"Salo&aacute; Not&iacute;cias\" style=\"border-top: 0px; border-right: 0px; background-image: none; border-bottom: 0px; float: left; padding-top: 0px; padding-left: 0px; margin: 5px 5px 0px 0px; border-left: 0px; display: inline; padding-right: 0px\" border=\"0\" alt=\"Salo&aacute; Not&iacute;cias\" src=\"http:\/\/www.saloanoticias.com\/v1\/wp-content\/uploads\/imagens\/salo-notcias_thumb_fc41f1c43bdfebd8ce929fe955e3f304.jpg\" width=\"283\" align=\"left\" height=\"212\"><\/a>Os produtores de leite do Agreste come\u00e7aram a sentir os efeitos de mais uma estiagem. E, o que \u00e9 pior, a possibilidade de que essa seca se agrave \u00e9 de 80% baseada nos estudos que analisam a forma\u00e7\u00e3o do fen\u00f4meno clim\u00e1tico El Ni\u00f1o que pode ser um dos mais fortes dos \u00faltimos 50 anos. Com a escassez de \u00e1gua, aumentam os custos de produ\u00e7\u00e3o para manter o animal e, dessa vez, a desacelera\u00e7\u00e3o da pr\u00f3pria economia e alta do d\u00f3lar est\u00e3o contribuindo para aumentar a crise na bacia leiteira pernambucana.<\/font><\/p>\n<p align=\"justify\"><font size=\"3\" face=\"Arial\">\u201cH\u00e1 60 dias come\u00e7ou a piorar. A seca aumenta os custos de produ\u00e7\u00e3o e as empresas n\u00e3o est\u00e3o comprando o leite produzido na regi\u00e3o. A diminui\u00e7\u00e3o dos compradores faz o pre\u00e7o cair. J\u00e1 tem gente vendendo o litro por R$ 0,85 e o produto est\u00e1 sobrando\u201d, diz o presidente do Sindicato dos Produtores de Leite de Pernambuco (Sinproleite), Saulo Malta. Segundo ele, a seca atinge cerca de 70% dos produtores dos munic\u00edpios de Ita\u00edba, \u00c1guas Belas, Bu\u00edque, Tupanatinga, Pedra e Venturosa, al\u00e9m de Bodoc\u00f3, no Sert\u00e3o.<\/font><\/p>\n<p align=\"justify\"><font size=\"3\" face=\"Arial\">O d\u00f3lar tamb\u00e9m contribui para aumentar os custos dos produtores. \u201cO saco de soja com 50 quilos est\u00e1 sendo vendido por R$ 73, quando custava R$ 66 h\u00e1 dois meses. E a tend\u00eancia \u00e9 aumentar\u201d, afirma Saulo. Geralmente, o gado criado em Pernambuco \u00e9 alimentado com 70% de palma, uma fibra (que pode ser o sorgo ou capim) que responde por 20% desse total e os 10% restantes s\u00e3o farelo de soja, ou de milho ou de algod\u00e3o. Os tr\u00eas \u00faltimos s\u00e3o commodities e aumentam de pre\u00e7o, quando h\u00e1 uma alta da moeda americana. <\/font><\/p>\n<p align=\"justify\"><font face=\"Arial\"><font size=\"3\">\u201cEstamos emendando uma seca na outra. \u00c9 o 5\u00ba ano de estiagem. A forragem (a ra\u00e7\u00e3o) que tinha guardada acabou em abril. Desde ent\u00e3o, cresceu 30% o custo do alimento do gado e o pre\u00e7o do leite caiu mais de 20% entre janeiro de 2014 e agosto de 2015\u201d, conta o produtor Edson F\u00e9lix que produz gado de leite em Altinho e em Bu\u00edque. Ele plantou sorgo em duas \u00e1reas da sua propriedade com a finalidade de ter uma ra\u00e7\u00e3o na estiagem. A pouca quantidade de chuva resultou na perda do cereal.<\/font><\/font><\/p>\n<p align=\"justify\"><font face=\"Arial\"><font size=\"3\">O jeito, segundo ele, \u00e9 diminuir o rebanho, produzir menos leite e atravessar a seca com uma base gen\u00e9tica boa para voltar a crescer, quando o clima melhorar. <br \/>O produtor Pedro Galv\u00e3o est\u00e1 trazendo a \u00e1gua de beber dos animais de caminh\u00e3o por 35 quil\u00f4metros de uma fazenda em Pedra para outra em Bu\u00edque. \u201cUsamos muito combust\u00edvel e energia e ambos subiram muito\u201d, lamenta. \u201cN\u00e3o estou mais fazendo conta, porque tudo est\u00e1 no preju\u00edzo\u201d, resume. <b>(Com informa\u00e7\u00f5es do Jornal do Commercio\/JC online e Blog do Carlos Eug\u00eanio)<\/b><\/font><\/font><\/p>\n<div style=\"margin-top: 0px; margin-bottom: 0px;\" class=\"sharethis-inline-share-buttons\" ><\/div>","protected":false},"excerpt":{"rendered":"<p>Os produtores de leite do Agreste come\u00e7aram a sentir os efeitos de mais uma estiagem. E, o que \u00e9 pior, a possibilidade de que essa seca se agrave \u00e9 de 80% baseada nos estudos que analisam a forma\u00e7\u00e3o do fen\u00f4meno clim\u00e1tico El Ni\u00f1o que pode ser um dos mais fortes dos \u00faltimos 50 anos. Com [&hellip;]<\/p>\n","protected":false},"author":1,"featured_media":0,"comment_status":"open","ping_status":"open","sticky":false,"template":"","format":"standard","meta":{"footnotes":""},"categories":[2],"tags":[],"class_list":["post-2088","post","type-post","status-publish","format-standard","hentry","category-noticias-do-dia"],"_links":{"self":[{"href":"https:\/\/www.saloanoticias.com\/v1\/wp-json\/wp\/v2\/posts\/2088","targetHints":{"allow":["GET"]}}],"collection":[{"href":"https:\/\/www.saloanoticias.com\/v1\/wp-json\/wp\/v2\/posts"}],"about":[{"href":"https:\/\/www.saloanoticias.com\/v1\/wp-json\/wp\/v2\/types\/post"}],"author":[{"embeddable":true,"href":"https:\/\/www.saloanoticias.com\/v1\/wp-json\/wp\/v2\/users\/1"}],"replies":[{"embeddable":true,"href":"https:\/\/www.saloanoticias.com\/v1\/wp-json\/wp\/v2\/comments?post=2088"}],"version-history":[{"count":0,"href":"https:\/\/www.saloanoticias.com\/v1\/wp-json\/wp\/v2\/posts\/2088\/revisions"}],"wp:attachment":[{"href":"https:\/\/www.saloanoticias.com\/v1\/wp-json\/wp\/v2\/media?parent=2088"}],"wp:term":[{"taxonomy":"category","embeddable":true,"href":"https:\/\/www.saloanoticias.com\/v1\/wp-json\/wp\/v2\/categories?post=2088"},{"taxonomy":"post_tag","embeddable":true,"href":"https:\/\/www.saloanoticias.com\/v1\/wp-json\/wp\/v2\/tags?post=2088"}],"curies":[{"name":"wp","href":"https:\/\/api.w.org\/{rel}","templated":true}]}}