{"id":2087,"date":"2015-09-06T13:10:07","date_gmt":"2015-09-06T13:10:07","guid":{"rendered":"https:\/\/saloanoticias.mrmediaweb.com\/v1\/2015\/09\/06\/hasteamento-da-bandeira-da-inicio-as-festividades-da-patria-neste-domingo\/"},"modified":"2015-09-06T13:10:07","modified_gmt":"2015-09-06T13:10:07","slug":"hasteamento-da-bandeira-da-inicio-as-festividades-da-patria-neste-domingo","status":"publish","type":"post","link":"https:\/\/www.saloanoticias.com\/v1\/hasteamento-da-bandeira-da-inicio-as-festividades-da-patria-neste-domingo\/","title":{"rendered":"HASTEAMENTO DA BANDEIRA D\u00c1 IN\u00cdCIO AS FESTIVIDADES DA P\u00c1TRIA NESTE DOMINGO"},"content":{"rendered":"<p align=\"justify\"><font size=\"3\" face=\"Arial\"><a href=\"http:\/\/www.saloanoticias.com\/images\/salo-notcias_fe67cdcfbbcfee3b3553229e4c5b427c.jpg\"><img loading=\"lazy\" decoding=\"async\" title=\"Salo&aacute; Not&iacute;cias\" style=\"border-top: 0px; border-right: 0px; background-image: none; border-bottom: 0px; float: none; padding-top: 0px; padding-left: 0px; margin: 0px auto 10px; border-left: 0px; display: block; padding-right: 0px\" border=\"0\" alt=\"Salo&aacute; Not&iacute;cias\" src=\"http:\/\/www.saloanoticias.com\/v1\/wp-content\/uploads\/imagens\/salo-notcias_thumb_ff25f255d106c6ade4c1fd27a008504c.jpg\" width=\"554\" height=\"418\"><\/a>O primeiro ato em comemora\u00e7\u00e3o as festividades da semana da p\u00e1tria em Salo\u00e1\/PE neste domingo, dia 6 de setembro, foi o hasteamento das bandeiras de Salo\u00e1, Pernambuco e do Brasil na frente da prefeitura. Prestigiaram o momento o prefeito Ricardo Alves, o ex-prefeito Jos\u00e9 Alves de Ara\u00fajo (Z\u00e9 do Leite), o presidente do poder legislativo, Jos\u00e9 de Fran\u00e7a Leite (Barba) e o vereador Ferreirinha. No munic\u00edpio n\u00e3o haver\u00e1 desfile c\u00edvico na segunda dia 7, mas, neste domingo (6) a popula\u00e7\u00e3o acompanhar\u00e1 o segundo encontro de bandas e fanfarras a partir das 15:00 horas na pra\u00e7a S\u00e3o Vicente no centro.<\/font><\/p>\n<p align=\"justify\"><font size=\"3\" face=\"Arial\">O evento ter\u00e1 a participa\u00e7\u00e3o de dez corpora\u00e7\u00f5es de bandas e fanfarras de Salo\u00e1 e cidades da regi\u00e3o, nas quais 700 jovens mostrar\u00e3o seus talentos ao representarem suas&nbsp; bandas abrilhantando a festa, a a\u00e7\u00e3o reunir\u00e1 coreografias e habilidades musicais em diversas interpreta\u00e7\u00f5es, como&nbsp; musicalidade cl\u00e1ssica e at\u00e9 mesmo sucessos da atualidade, como Hey Brother entres outros. Foto: Dinho BIrunda<\/font><\/p>\n<p align=\"center\"><u><strong><font size=\"4\" face=\"Arial\">PROGRAMA\u00c7\u00c3O<\/font><\/strong><\/u> <\/p>\n<p align=\"center\"><strong><font size=\"4\" face=\"Arial\">1\u00aa &#8211; 15h \u2013 Banda Mirim Educand\u00e1rio Santa M\u00f4nica &#8211; Salo\u00e1<\/font><\/strong> <\/p>\n<p align=\"center\"><strong><font size=\"4\" face=\"Arial\">2\u00aa \u2013 Banda Marcial Escola Manoel Tiago Mendes &#8211; Salo\u00e1<\/font><\/strong> <\/p>\n<p align=\"center\"><strong><font size=\"4\" face=\"Arial\">3\u00aa \u2013 Fanfarra Sintonia Musical &#8211; Lajedo &#8211;<\/font><\/strong> <\/p>\n<p align=\"center\"><strong><font size=\"4\" face=\"Arial\">4\u00aa &#8211; Banda Marcial&nbsp; Educand\u00e1rio Irm\u00e3 Dulce \u2013 Salo\u00e1<\/font><\/strong> <\/p>\n<p align=\"center\"><strong><font size=\"4\" face=\"Arial\">5\u00aa Banda Marcial da Escola S\u00e3o Vicente \u2013 Salo\u00e1<\/font><\/strong> <\/p>\n<p align=\"center\"><strong><font size=\"4\" face=\"Arial\">6\u00aa &#8211; 18h Marching Band Trov\u00e3o Azul &#8211; Bom Conselho<\/font><\/strong> <\/p>\n<p align=\"center\"><strong><font size=\"4\" face=\"Arial\">7\u00aa &#8211; Banda Marcial do Educand\u00e1rio Santa M\u00f4nica &#8211; Salo\u00e1<\/font><\/strong> <\/p>\n<p align=\"center\"><strong><font size=\"4\" face=\"Arial\">8\u00aa &#8211; Marching Band EREMG Garanhuns<\/font><\/strong> <\/p>\n<p align=\"center\"><strong><font size=\"4\" face=\"Arial\">9\u00aa Angel&#8217;s Band Show EREM Jo\u00e3o da Mata Amaral Garanhuns<\/font><\/strong> <\/p>\n<p align=\"center\"><strong><font size=\"4\" face=\"Arial\">10\u00aa Banda Marcial &#8211; Mons. Jo\u00e3o Marques &#8211; Salo\u00e1 &#8211;<\/font><\/strong> <\/p>\n<p align=\"center\"><strong><font size=\"4\" face=\"Arial\">INFORMA\u00c7\u00d5ES \u2013 Coordena\u00e7\u00e3o Geral: Josevalda Cavalcanti&nbsp; (87) 98128-8808 &#8211; Pacheco Neto (87) 98118-7270<\/font><\/strong><\/p>\n<div style=\"margin-top: 0px; margin-bottom: 0px;\" class=\"sharethis-inline-share-buttons\" ><\/div>","protected":false},"excerpt":{"rendered":"<p>O primeiro ato em comemora\u00e7\u00e3o as festividades da semana da p\u00e1tria em Salo\u00e1\/PE neste domingo, dia 6 de setembro, foi o hasteamento das bandeiras de Salo\u00e1, Pernambuco e do Brasil na frente da prefeitura. Prestigiaram o momento o prefeito Ricardo Alves, o ex-prefeito Jos\u00e9 Alves de Ara\u00fajo (Z\u00e9 do Leite), o presidente do poder legislativo, [&hellip;]<\/p>\n","protected":false},"author":1,"featured_media":0,"comment_status":"open","ping_status":"open","sticky":false,"template":"","format":"standard","meta":{"footnotes":""},"categories":[2],"tags":[],"class_list":["post-2087","post","type-post","status-publish","format-standard","hentry","category-noticias-do-dia"],"_links":{"self":[{"href":"https:\/\/www.saloanoticias.com\/v1\/wp-json\/wp\/v2\/posts\/2087","targetHints":{"allow":["GET"]}}],"collection":[{"href":"https:\/\/www.saloanoticias.com\/v1\/wp-json\/wp\/v2\/posts"}],"about":[{"href":"https:\/\/www.saloanoticias.com\/v1\/wp-json\/wp\/v2\/types\/post"}],"author":[{"embeddable":true,"href":"https:\/\/www.saloanoticias.com\/v1\/wp-json\/wp\/v2\/users\/1"}],"replies":[{"embeddable":true,"href":"https:\/\/www.saloanoticias.com\/v1\/wp-json\/wp\/v2\/comments?post=2087"}],"version-history":[{"count":0,"href":"https:\/\/www.saloanoticias.com\/v1\/wp-json\/wp\/v2\/posts\/2087\/revisions"}],"wp:attachment":[{"href":"https:\/\/www.saloanoticias.com\/v1\/wp-json\/wp\/v2\/media?parent=2087"}],"wp:term":[{"taxonomy":"category","embeddable":true,"href":"https:\/\/www.saloanoticias.com\/v1\/wp-json\/wp\/v2\/categories?post=2087"},{"taxonomy":"post_tag","embeddable":true,"href":"https:\/\/www.saloanoticias.com\/v1\/wp-json\/wp\/v2\/tags?post=2087"}],"curies":[{"name":"wp","href":"https:\/\/api.w.org\/{rel}","templated":true}]}}