{"id":2086,"date":"2015-09-05T22:26:19","date_gmt":"2015-09-05T22:26:19","guid":{"rendered":"https:\/\/saloanoticias.mrmediaweb.com\/v1\/2015\/09\/05\/familiares-e-amigos-prestam-seu-ultimo-adeus-a-wagner\/"},"modified":"2015-09-05T22:26:19","modified_gmt":"2015-09-05T22:26:19","slug":"familiares-e-amigos-prestam-seu-ultimo-adeus-a-wagner","status":"publish","type":"post","link":"https:\/\/www.saloanoticias.com\/v1\/familiares-e-amigos-prestam-seu-ultimo-adeus-a-wagner\/","title":{"rendered":"FAMILIARES E AMIGOS DERAM SEU \u00daLTIMO ADEUS A JOS\u00c9 WAGNER (RAPADURA)"},"content":{"rendered":"<p align=\"justify\"><font size=\"3\" face=\"Arial\"><a href=\"http:\/\/www.saloanoticias.com\/images\/salo-noticias_5cc47e6f2a879d64ba81434ac4f5c777.jpg\"><img loading=\"lazy\" decoding=\"async\" title=\"Salo&aacute; Noticias\" style=\"border-top: 0px; border-right: 0px; background-image: none; border-bottom: 0px; float: none; padding-top: 0px; padding-left: 0px; margin: 0px auto 10px; border-left: 0px; display: block; padding-right: 0px\" border=\"0\" alt=\"Salo&aacute; Noticias\" src=\"http:\/\/www.saloanoticias.com\/v1\/wp-content\/uploads\/imagens\/salo-noticias_thumb_9a685def681d112cbc098b8e8ec22d7b.jpg\" width=\"600\" height=\"450\"><\/a>Centenas de pessoas estiveram no vel\u00f3rio e sepultamento do jovem Jos\u00e9 Wagner de Souza Santos de apenas 22 anos, v\u00edtima de acidente de moto na noite de quinta-feira no povoado Campo Sujo em Paranatama. Entre os presentes, vaqueiros vindos de v\u00e1rias partes de Pernambuco e outros estados, todos no sentido de prestar suas \u00faltimas homenagens ao \u201cRapadura\u201d, como era carinhosamente chamado entre os amigos. Wagner era vaqueiro e colhia amizades por onde passava.<\/font><\/p>\n<p align=\"justify\"><a href=\"http:\/\/www.saloanoticias.com\/images\/salo-notcias_777426e2cb0cd13f1038b1a9bce1c067.jpg\"><img loading=\"lazy\" decoding=\"async\" title=\"Salo&aacute; Not&iacute;cias\" style=\"border-top: 0px; border-right: 0px; background-image: none; border-bottom: 0px; float: none; padding-top: 0px; padding-left: 0px; margin-left: auto; border-left: 0px; display: block; padding-right: 0px; margin-right: auto\" border=\"0\" alt=\"Salo&aacute; Not&iacute;cias\" src=\"http:\/\/www.saloanoticias.com\/v1\/wp-content\/uploads\/imagens\/salo-notcias_thumb_354d49dba83e048f65025b5abcc67bb6.jpg\" width=\"593\" height=\"445\"><\/a><\/p>\n<p align=\"justify\"><font size=\"3\" face=\"Arial\">Menino simples, mas muito querido de todos, e desde o an\u00fancio da sua morte as pessoas n\u00e3o paravam de lamentar pelas redes sociais. Na hora da despedida uma grande multid\u00e3o acompanhou o cortejo ao cemit\u00e9rio Santa Quit\u00e9ria no centro de Salo\u00e1\/PE ao som de aboios e toadas. A emo\u00e7\u00e3o era vis\u00edvel nos rostos de todos, pelo fato de um menino t\u00e3o novo est\u00e1 partindo para a eternidade. Sem d\u00favidas este foi um dos vel\u00f3rios mais emocionantes que j\u00e1 aconteceu na cidade. J\u00e1 na porta do cemit\u00e9rio, os amigos e parentes continuaram com as homenagens at\u00e9 a despedida final.<\/font><\/p>\n<p align=\"justify\"><a href=\"http:\/\/www.saloanoticias.com\/images\/11702822_894008697331365_139109987787185978_n.jpg\"><img loading=\"lazy\" decoding=\"async\" title=\"11702822_894008697331365_139109987787185978_n\" style=\"border-top: 0px; border-right: 0px; background-image: none; border-bottom: 0px; float: none; padding-top: 0px; padding-left: 0px; margin-left: auto; border-left: 0px; display: block; padding-right: 0px; margin-right: auto\" border=\"0\" alt=\"11702822_894008697331365_139109987787185978_n\" src=\"http:\/\/www.saloanoticias.com\/v1\/wp-content\/uploads\/imagens\/11702822_894008697331365_139109987787185978_n_thumb.jpg\" width=\"598\" height=\"449\"><\/a><\/p>\n<p align=\"justify\"><a href=\"http:\/\/www.saloanoticias.com\/images\/1982356_892741477458087_6622537383281538501_n_b799c6b6bcd7d81bb657f63427135e29.jpg\"><img loading=\"lazy\" decoding=\"async\" title=\"1982356_892741477458087_6622537383281538501_n\" style=\"border-top: 0px; border-right: 0px; background-image: none; border-bottom: 0px; float: none; padding-top: 0px; padding-left: 0px; margin-left: auto; border-left: 0px; display: block; padding-right: 0px; margin-right: auto\" border=\"0\" alt=\"1982356_892741477458087_6622537383281538501_n\" src=\"http:\/\/www.saloanoticias.com\/v1\/wp-content\/uploads\/imagens\/1982356_892741477458087_6622537383281538501_n_thumb_b8b1579f6c4f7903543271f387461b8d.jpg\" width=\"597\" height=\"448\"><\/a><\/p>\n<p align=\"justify\"><a href=\"http:\/\/www.saloanoticias.com\/images\/dsc_2789_befc005b342262b987308226381113b1.jpg\"><img loading=\"lazy\" decoding=\"async\" title=\"DSC_2789\" style=\"border-top: 0px; border-right: 0px; background-image: none; border-bottom: 0px; float: none; padding-top: 0px; padding-left: 0px; margin-left: auto; border-left: 0px; display: block; padding-right: 0px; margin-right: auto\" border=\"0\" alt=\"DSC_2789\" src=\"http:\/\/www.saloanoticias.com\/v1\/wp-content\/uploads\/imagens\/dsc_2789_thumb_e071876394e7ef70a6d63c0c04358ec2.jpg\" width=\"599\" height=\"450\"><\/a><\/p>\n<div style=\"margin-top: 0px; margin-bottom: 0px;\" class=\"sharethis-inline-share-buttons\" ><\/div>","protected":false},"excerpt":{"rendered":"<p>Centenas de pessoas estiveram no vel\u00f3rio e sepultamento do jovem Jos\u00e9 Wagner de Souza Santos de apenas 22 anos, v\u00edtima de acidente de moto na noite de quinta-feira no povoado Campo Sujo em Paranatama. Entre os presentes, vaqueiros vindos de v\u00e1rias partes de Pernambuco e outros estados, todos no sentido de prestar suas \u00faltimas homenagens [&hellip;]<\/p>\n","protected":false},"author":1,"featured_media":0,"comment_status":"open","ping_status":"open","sticky":false,"template":"","format":"standard","meta":{"footnotes":""},"categories":[2],"tags":[],"class_list":["post-2086","post","type-post","status-publish","format-standard","hentry","category-noticias-do-dia"],"_links":{"self":[{"href":"https:\/\/www.saloanoticias.com\/v1\/wp-json\/wp\/v2\/posts\/2086","targetHints":{"allow":["GET"]}}],"collection":[{"href":"https:\/\/www.saloanoticias.com\/v1\/wp-json\/wp\/v2\/posts"}],"about":[{"href":"https:\/\/www.saloanoticias.com\/v1\/wp-json\/wp\/v2\/types\/post"}],"author":[{"embeddable":true,"href":"https:\/\/www.saloanoticias.com\/v1\/wp-json\/wp\/v2\/users\/1"}],"replies":[{"embeddable":true,"href":"https:\/\/www.saloanoticias.com\/v1\/wp-json\/wp\/v2\/comments?post=2086"}],"version-history":[{"count":0,"href":"https:\/\/www.saloanoticias.com\/v1\/wp-json\/wp\/v2\/posts\/2086\/revisions"}],"wp:attachment":[{"href":"https:\/\/www.saloanoticias.com\/v1\/wp-json\/wp\/v2\/media?parent=2086"}],"wp:term":[{"taxonomy":"category","embeddable":true,"href":"https:\/\/www.saloanoticias.com\/v1\/wp-json\/wp\/v2\/categories?post=2086"},{"taxonomy":"post_tag","embeddable":true,"href":"https:\/\/www.saloanoticias.com\/v1\/wp-json\/wp\/v2\/tags?post=2086"}],"curies":[{"name":"wp","href":"https:\/\/api.w.org\/{rel}","templated":true}]}}