{"id":2085,"date":"2015-09-05T01:34:44","date_gmt":"2015-09-05T01:34:44","guid":{"rendered":"https:\/\/saloanoticias.mrmediaweb.com\/v1\/2015\/09\/05\/missa-de-30-dia-dona-vandete-areias\/"},"modified":"2015-09-05T01:34:44","modified_gmt":"2015-09-05T01:34:44","slug":"missa-de-30-dia-dona-vandete-areias","status":"publish","type":"post","link":"https:\/\/www.saloanoticias.com\/v1\/missa-de-30-dia-dona-vandete-areias\/","title":{"rendered":"MISSA DE 30\u00ba DIA: DONA VANDETE AREIAS"},"content":{"rendered":"<p align=\"justify\"><font size=\"3\" face=\"Arial\"><a href=\"http:\/\/www.saloanoticias.com\/images\/1982356_892741477458087_6622537383281538501_n_0abea0b4265748314b1149091c3a3496.jpg\"><img loading=\"lazy\" decoding=\"async\" title=\"1982356_892741477458087_6622537383281538501_n\" style=\"border-top: 0px; border-right: 0px; background-image: none; border-bottom: 0px; float: none; padding-top: 0px; padding-left: 0px; margin: 0px auto 10px; border-left: 0px; display: block; padding-right: 0px\" border=\"0\" alt=\"1982356_892741477458087_6622537383281538501_n\" src=\"http:\/\/www.saloanoticias.com\/v1\/wp-content\/uploads\/imagens\/1982356_892741477458087_6622537383281538501_n_thumb_11c4a735f577cb4d2a8c1815b22d1591.jpg\" width=\"500\" height=\"377\"><\/a>As fam\u00edlias Areis e Birunda, convidam todos os parentes e amigos para participarem da missa de 30\u00ba dia que mandam celebrar em mem\u00f3ria da alma da senhora Maria Vandete Areias Alves, Dona Vandete, que ser\u00e1 realizada neste s\u00e1bado, dia 05 de setembro de 2015. A missa ser\u00e1 celebrada pelo padre Everaldo e acontecer\u00e1 na sede da par\u00f3quia de S\u00e3o Vicente de Paulo no centro de Salo\u00e1, \u00e0s 15: horas (3 da tarde). Desde j\u00e1 os familiares agradecem aos que comparecerem a este ato de f\u00e9 e irmandade crist\u00e3.<\/font><\/p>\n<div style=\"margin-top: 0px; margin-bottom: 0px;\" class=\"sharethis-inline-share-buttons\" ><\/div>","protected":false},"excerpt":{"rendered":"<p>As fam\u00edlias Areis e Birunda, convidam todos os parentes e amigos para participarem da missa de 30\u00ba dia que mandam celebrar em mem\u00f3ria da alma da senhora Maria Vandete Areias Alves, Dona Vandete, que ser\u00e1 realizada neste s\u00e1bado, dia 05 de setembro de 2015. A missa ser\u00e1 celebrada pelo padre Everaldo e acontecer\u00e1 na sede [&hellip;]<\/p>\n","protected":false},"author":1,"featured_media":0,"comment_status":"open","ping_status":"open","sticky":false,"template":"","format":"standard","meta":{"footnotes":""},"categories":[2],"tags":[],"class_list":["post-2085","post","type-post","status-publish","format-standard","hentry","category-noticias-do-dia"],"_links":{"self":[{"href":"https:\/\/www.saloanoticias.com\/v1\/wp-json\/wp\/v2\/posts\/2085","targetHints":{"allow":["GET"]}}],"collection":[{"href":"https:\/\/www.saloanoticias.com\/v1\/wp-json\/wp\/v2\/posts"}],"about":[{"href":"https:\/\/www.saloanoticias.com\/v1\/wp-json\/wp\/v2\/types\/post"}],"author":[{"embeddable":true,"href":"https:\/\/www.saloanoticias.com\/v1\/wp-json\/wp\/v2\/users\/1"}],"replies":[{"embeddable":true,"href":"https:\/\/www.saloanoticias.com\/v1\/wp-json\/wp\/v2\/comments?post=2085"}],"version-history":[{"count":0,"href":"https:\/\/www.saloanoticias.com\/v1\/wp-json\/wp\/v2\/posts\/2085\/revisions"}],"wp:attachment":[{"href":"https:\/\/www.saloanoticias.com\/v1\/wp-json\/wp\/v2\/media?parent=2085"}],"wp:term":[{"taxonomy":"category","embeddable":true,"href":"https:\/\/www.saloanoticias.com\/v1\/wp-json\/wp\/v2\/categories?post=2085"},{"taxonomy":"post_tag","embeddable":true,"href":"https:\/\/www.saloanoticias.com\/v1\/wp-json\/wp\/v2\/tags?post=2085"}],"curies":[{"name":"wp","href":"https:\/\/api.w.org\/{rel}","templated":true}]}}