{"id":2084,"date":"2015-09-04T19:46:39","date_gmt":"2015-09-04T19:46:39","guid":{"rendered":"https:\/\/saloanoticias.mrmediaweb.com\/v1\/2015\/09\/04\/missa-de-primeiro-aniversario-dona-dulce\/"},"modified":"2015-09-04T19:46:39","modified_gmt":"2015-09-04T19:46:39","slug":"missa-de-primeiro-aniversario-dona-dulce","status":"publish","type":"post","link":"https:\/\/www.saloanoticias.com\/v1\/missa-de-primeiro-aniversario-dona-dulce\/","title":{"rendered":"MISSA DE 1\u00ba ANIVERS\u00c1RIO: DONA DULCE"},"content":{"rendered":"<p align=\"justify\"><font size=\"3\" face=\"Arial\"><a href=\"http:\/\/www.saloanoticias.com\/images\/dsc_2789_0a6ab2e3a04f448605a5ea2f47e1bec9.jpg\"><img loading=\"lazy\" decoding=\"async\" title=\"DSC_2789\" style=\"border-top: 0px; border-right: 0px; background-image: none; border-bottom: 0px; float: left; padding-top: 0px; padding-left: 0px; margin: 5px 5px 10px 0px; border-left: 0px; display: inline; padding-right: 0px\" border=\"0\" alt=\"DSC_2789\" src=\"http:\/\/www.saloanoticias.com\/v1\/wp-content\/uploads\/imagens\/dsc_2789_thumb_e48d3dc88f0de24cdfedf192017f91f2.jpg\" width=\"243\" align=\"left\" height=\"216\"><\/a>As fam\u00edlias Birunda e Badega, convidam os parentes e amigos para participarem da missa de primeiro anivers\u00e1rio em mem\u00f3ria da alma da senhora Dulcin\u00e9a Gomes Badega, Dona Dulce, que ser\u00e1 realizada neste s\u00e1bado, dia 05 de setembro de 2015. A missa acontecer\u00e1 na sede da par\u00f3quia de S\u00e3o Vicente de Paulo no centro de Salo\u00e1, \u00e0s 15: horas (3 da tarde). Desde j\u00e1 os familiares agradecem aos que comparecerem a este ato de f\u00e9 e irmandade crist\u00e3.<\/font><\/p>\n<p align=\"justify\"><font size=\"3\" face=\"Arial\"><\/font>&nbsp;<\/p>\n<p align=\"justify\"><font size=\"3\" face=\"Arial\"><\/font>&nbsp;<\/p>\n<p align=\"justify\"><font size=\"3\" face=\"Arial\"><\/font><\/p>\n<div style=\"margin-top: 0px; margin-bottom: 0px;\" class=\"sharethis-inline-share-buttons\" ><\/div>","protected":false},"excerpt":{"rendered":"<p>As fam\u00edlias Birunda e Badega, convidam os parentes e amigos para participarem da missa de primeiro anivers\u00e1rio em mem\u00f3ria da alma da senhora Dulcin\u00e9a Gomes Badega, Dona Dulce, que ser\u00e1 realizada neste s\u00e1bado, dia 05 de setembro de 2015. A missa acontecer\u00e1 na sede da par\u00f3quia de S\u00e3o Vicente de Paulo no centro de Salo\u00e1, [&hellip;]<\/p>\n","protected":false},"author":1,"featured_media":0,"comment_status":"open","ping_status":"open","sticky":false,"template":"","format":"standard","meta":{"footnotes":""},"categories":[2],"tags":[],"class_list":["post-2084","post","type-post","status-publish","format-standard","hentry","category-noticias-do-dia"],"_links":{"self":[{"href":"https:\/\/www.saloanoticias.com\/v1\/wp-json\/wp\/v2\/posts\/2084","targetHints":{"allow":["GET"]}}],"collection":[{"href":"https:\/\/www.saloanoticias.com\/v1\/wp-json\/wp\/v2\/posts"}],"about":[{"href":"https:\/\/www.saloanoticias.com\/v1\/wp-json\/wp\/v2\/types\/post"}],"author":[{"embeddable":true,"href":"https:\/\/www.saloanoticias.com\/v1\/wp-json\/wp\/v2\/users\/1"}],"replies":[{"embeddable":true,"href":"https:\/\/www.saloanoticias.com\/v1\/wp-json\/wp\/v2\/comments?post=2084"}],"version-history":[{"count":0,"href":"https:\/\/www.saloanoticias.com\/v1\/wp-json\/wp\/v2\/posts\/2084\/revisions"}],"wp:attachment":[{"href":"https:\/\/www.saloanoticias.com\/v1\/wp-json\/wp\/v2\/media?parent=2084"}],"wp:term":[{"taxonomy":"category","embeddable":true,"href":"https:\/\/www.saloanoticias.com\/v1\/wp-json\/wp\/v2\/categories?post=2084"},{"taxonomy":"post_tag","embeddable":true,"href":"https:\/\/www.saloanoticias.com\/v1\/wp-json\/wp\/v2\/tags?post=2084"}],"curies":[{"name":"wp","href":"https:\/\/api.w.org\/{rel}","templated":true}]}}