{"id":2083,"date":"2015-09-05T11:00:00","date_gmt":"2015-09-05T11:00:00","guid":{"rendered":"https:\/\/saloanoticias.mrmediaweb.com\/v1\/2015\/09\/05\/ex-vereador-jamelao-agora-faz-parte-do-grupo-do-prefeito-de-saloa\/"},"modified":"2015-09-05T11:00:00","modified_gmt":"2015-09-05T11:00:00","slug":"ex-vereador-jamelao-agora-faz-parte-do-grupo-do-prefeito-de-saloa","status":"publish","type":"post","link":"https:\/\/www.saloanoticias.com\/v1\/ex-vereador-jamelao-agora-faz-parte-do-grupo-do-prefeito-de-saloa\/","title":{"rendered":"EX-VEREADOR JAMEL\u00c3O AGORA FAZ PARTE DO GRUPO DO PREFEITO DE SALO\u00c1"},"content":{"rendered":"<p align=\"justify\"><font size=\"3\" face=\"Arial\"><a href=\"http:\/\/www.saloanoticias.com\/images\/jamelo-de-salo.jpg\"><img loading=\"lazy\" decoding=\"async\" title=\"Jamel&atilde;o de Salo&aacute;\" style=\"border-top: 0px; border-right: 0px; background-image: none; border-bottom: 0px; float: none; padding-top: 0px; padding-left: 0px; margin: 0px auto 10px; border-left: 0px; display: block; padding-right: 0px\" border=\"0\" alt=\"Jamel&atilde;o de Salo&aacute;\" src=\"http:\/\/www.saloanoticias.com\/v1\/wp-content\/uploads\/imagens\/jamelo-de-salo_thumb.jpg\" width=\"516\" height=\"417\"><\/a>O ex-presidente da c\u00e2mara de vereadores de Salo\u00e1\/PE, Sr. Jos\u00e9 Francisco Curvelo, popularmente conhecido como \u201cJamel\u00e3o\u201d (Sem Partido), agora faz parte do grupo pol\u00edtico liderado pelo prefeito Ricardo Alves (PMDB). A informa\u00e7\u00e3o foi repassada ao blog pela assessoria do gestor municipal. Pelas informa\u00e7\u00f5es que tivemos, a vinda de Jamel\u00e3o \u00e0 situa\u00e7\u00e3o se deu por conta da boa administra\u00e7\u00e3o que o prefeito vem fazendo, culminando na aproxima\u00e7\u00e3o dos pol\u00edticos.<\/font><\/p>\n<p align=\"justify\"><font size=\"3\" face=\"Arial\">Segundo Jamel\u00e3o, o prefeito vem desenvolvendo um trabalho exemplar na regi\u00e3o e, se destaca pela grande quantidade de a\u00e7\u00f5es que est\u00e3o mudando a realidade do munic\u00edpio, e por isso, est\u00e1 feliz em fazer parte deste time agora. Jos\u00e9 Francisco se torna um grande aliado para o prefeito e \u00e9 considerado por <\/font><font size=\"3\" face=\"Arial\">pol\u00edticos como sendo um ex\u00edmio articulador, e, na \u00e9poca de vereador, exerceu brilhantemente o seu papel de parlamentar. Essa not\u00edcia causa um impacto negativo para os oposicionista no munic\u00edpio, j\u00e1 que, Curvelo era uma pe\u00e7a chave para eles, causando naturalmente um enfraquecimento ao grupo.<\/font><\/p>\n<p align=\"justify\"><font size=\"3\" face=\"Arial\">Atualmente, o ex-parlamentar est\u00e1 sem partido e dever\u00e1 se filiar em uma das legendas chefiadas pelos governistas, que det\u00eam o PSB, PMDB e PSDB. <\/font><font size=\"3\" face=\"Arial\">Outra quest\u00e3o importante na vinda de Jamel\u00e3o \u00e9 a real possibilidade dele ser mais uma vez candidato a vereador nas elei\u00e7\u00f5es do pr\u00f3ximo ano, pois, apesar de n\u00e3o ter conseguido eleger sua esposa, Neide Curvelo, em 2012, o pol\u00edtico j\u00e1 evidenciou por diversas vezes o seu interesse em concorrer a uma das nove vagas da c\u00e2mara de Salo\u00e1. <\/font><font size=\"3\" face=\"Arial\">Foto: Dinho Birunda<\/font><\/p>\n<div style=\"margin-top: 0px; margin-bottom: 0px;\" class=\"sharethis-inline-share-buttons\" ><\/div>","protected":false},"excerpt":{"rendered":"<p>O ex-presidente da c\u00e2mara de vereadores de Salo\u00e1\/PE, Sr. Jos\u00e9 Francisco Curvelo, popularmente conhecido como \u201cJamel\u00e3o\u201d (Sem Partido), agora faz parte do grupo pol\u00edtico liderado pelo prefeito Ricardo Alves (PMDB). A informa\u00e7\u00e3o foi repassada ao blog pela assessoria do gestor municipal. Pelas informa\u00e7\u00f5es que tivemos, a vinda de Jamel\u00e3o \u00e0 situa\u00e7\u00e3o se deu por conta [&hellip;]<\/p>\n","protected":false},"author":1,"featured_media":0,"comment_status":"open","ping_status":"open","sticky":false,"template":"","format":"standard","meta":{"footnotes":""},"categories":[2],"tags":[],"class_list":["post-2083","post","type-post","status-publish","format-standard","hentry","category-noticias-do-dia"],"_links":{"self":[{"href":"https:\/\/www.saloanoticias.com\/v1\/wp-json\/wp\/v2\/posts\/2083","targetHints":{"allow":["GET"]}}],"collection":[{"href":"https:\/\/www.saloanoticias.com\/v1\/wp-json\/wp\/v2\/posts"}],"about":[{"href":"https:\/\/www.saloanoticias.com\/v1\/wp-json\/wp\/v2\/types\/post"}],"author":[{"embeddable":true,"href":"https:\/\/www.saloanoticias.com\/v1\/wp-json\/wp\/v2\/users\/1"}],"replies":[{"embeddable":true,"href":"https:\/\/www.saloanoticias.com\/v1\/wp-json\/wp\/v2\/comments?post=2083"}],"version-history":[{"count":0,"href":"https:\/\/www.saloanoticias.com\/v1\/wp-json\/wp\/v2\/posts\/2083\/revisions"}],"wp:attachment":[{"href":"https:\/\/www.saloanoticias.com\/v1\/wp-json\/wp\/v2\/media?parent=2083"}],"wp:term":[{"taxonomy":"category","embeddable":true,"href":"https:\/\/www.saloanoticias.com\/v1\/wp-json\/wp\/v2\/categories?post=2083"},{"taxonomy":"post_tag","embeddable":true,"href":"https:\/\/www.saloanoticias.com\/v1\/wp-json\/wp\/v2\/tags?post=2083"}],"curies":[{"name":"wp","href":"https:\/\/api.w.org\/{rel}","templated":true}]}}