{"id":2082,"date":"2015-09-04T18:29:11","date_gmt":"2015-09-04T18:29:11","guid":{"rendered":"https:\/\/saloanoticias.mrmediaweb.com\/v1\/2015\/09\/04\/jovem-saloaense-morre-ai-cair-de-moto\/"},"modified":"2015-09-04T18:29:11","modified_gmt":"2015-09-04T18:29:11","slug":"jovem-saloaense-morre-ai-cair-de-moto","status":"publish","type":"post","link":"https:\/\/www.saloanoticias.com\/v1\/jovem-saloaense-morre-ai-cair-de-moto\/","title":{"rendered":"SALOAENSE MORRE AO CAIR DE MOTO"},"content":{"rendered":"<p align=\"justify\"><font size=\"3\" face=\"Arial\"><a href=\"http:\/\/www.saloanoticias.com\/images\/salo-notcias_fd016162645e98ebb955c68981eafe6a.jpg\"><img loading=\"lazy\" decoding=\"async\" title=\"Salo&aacute; Not&iacute;cias\" style=\"border-left-width: 0px; border-right-width: 0px; background-image: none; border-bottom-width: 0px; float: left; padding-top: 0px; padding-left: 0px; margin: 5px 5px 0px 0px; display: inline; padding-right: 0px; border-top-width: 0px\" border=\"0\" alt=\"Salo&aacute; Not&iacute;cias\" src=\"http:\/\/www.saloanoticias.com\/v1\/wp-content\/uploads\/imagens\/salo-notcias_thumb_35ce4c84d0f79a6b69c3696b1d6689a4.jpg\" width=\"204\" align=\"left\" height=\"204\"><\/a>O jovem Jos\u00e9 Wagner de Souza Santos, carinhosamente conhecido por \u201cRapadura\u201d de 22 anos morreu ap\u00f3s perder o controle e cair da motocicleta que pilotava. O acidente fatal aconteceu por volta das 23h de quinta-feira (3\/09), no Povoado Campo Sujo, zona rural do munic\u00edpio de Paranatama, no Agreste. <\/font><font size=\"3\" face=\"Arial\">Uma equipe do Copo de Bombeiro ainda foi acionada para socorrer a v\u00edtima, mas ao chegar no local o agricultor, Jos\u00e9 Wagner de Souza Santos, j\u00e1 se encontrava em \u00f3bito.<\/font><\/p>\n<p align=\"justify\"><font size=\"3\" face=\"Arial\">O corpo apresentava les\u00f5es na regi\u00e3o da testa, face e antebra\u00e7o direito. Rapadura residia no centro de Salo\u00e1, tamb\u00e9m no Agreste. <\/font><font size=\"3\" face=\"Arial\">A Pol\u00edcia Civil esteve no local e encaminhou o corpo para o IML de Caruaru, no Agreste. O sepultamento acontecer\u00e1 na manh\u00e3 deste s\u00e1bado (5). Fonte: Com informa\u00e7\u00f5es do Blog Agreste Violento<\/font><\/p>\n<div style=\"margin-top: 0px; margin-bottom: 0px;\" class=\"sharethis-inline-share-buttons\" ><\/div>","protected":false},"excerpt":{"rendered":"<p>O jovem Jos\u00e9 Wagner de Souza Santos, carinhosamente conhecido por \u201cRapadura\u201d de 22 anos morreu ap\u00f3s perder o controle e cair da motocicleta que pilotava. O acidente fatal aconteceu por volta das 23h de quinta-feira (3\/09), no Povoado Campo Sujo, zona rural do munic\u00edpio de Paranatama, no Agreste. Uma equipe do Copo de Bombeiro ainda [&hellip;]<\/p>\n","protected":false},"author":1,"featured_media":0,"comment_status":"open","ping_status":"open","sticky":false,"template":"","format":"standard","meta":{"footnotes":""},"categories":[2],"tags":[],"class_list":["post-2082","post","type-post","status-publish","format-standard","hentry","category-noticias-do-dia"],"_links":{"self":[{"href":"https:\/\/www.saloanoticias.com\/v1\/wp-json\/wp\/v2\/posts\/2082","targetHints":{"allow":["GET"]}}],"collection":[{"href":"https:\/\/www.saloanoticias.com\/v1\/wp-json\/wp\/v2\/posts"}],"about":[{"href":"https:\/\/www.saloanoticias.com\/v1\/wp-json\/wp\/v2\/types\/post"}],"author":[{"embeddable":true,"href":"https:\/\/www.saloanoticias.com\/v1\/wp-json\/wp\/v2\/users\/1"}],"replies":[{"embeddable":true,"href":"https:\/\/www.saloanoticias.com\/v1\/wp-json\/wp\/v2\/comments?post=2082"}],"version-history":[{"count":0,"href":"https:\/\/www.saloanoticias.com\/v1\/wp-json\/wp\/v2\/posts\/2082\/revisions"}],"wp:attachment":[{"href":"https:\/\/www.saloanoticias.com\/v1\/wp-json\/wp\/v2\/media?parent=2082"}],"wp:term":[{"taxonomy":"category","embeddable":true,"href":"https:\/\/www.saloanoticias.com\/v1\/wp-json\/wp\/v2\/categories?post=2082"},{"taxonomy":"post_tag","embeddable":true,"href":"https:\/\/www.saloanoticias.com\/v1\/wp-json\/wp\/v2\/tags?post=2082"}],"curies":[{"name":"wp","href":"https:\/\/api.w.org\/{rel}","templated":true}]}}