{"id":2080,"date":"2015-09-04T00:00:00","date_gmt":"2015-09-04T00:00:00","guid":{"rendered":"https:\/\/saloanoticias.mrmediaweb.com\/v1\/2015\/09\/04\/morre-o-sr-julio-jacinto-aos-94-anos\/"},"modified":"2015-09-04T00:00:00","modified_gmt":"2015-09-04T00:00:00","slug":"morre-o-sr-julio-jacinto-aos-94-anos","status":"publish","type":"post","link":"https:\/\/www.saloanoticias.com\/v1\/morre-o-sr-julio-jacinto-aos-94-anos\/","title":{"rendered":"MORRE O SR. J\u00daLIO JACINTO AOS 94 ANOS"},"content":{"rendered":"<p align=\"justify\"><font size=\"3\" face=\"Arial\"><a href=\"http:\/\/www.saloanoticias.com\/images\/salo-noticias_d1c52e6c0eb8a17701ab168ae2c638db.jpg\"><img loading=\"lazy\" decoding=\"async\" title=\"Salo&aacute; Noticias\" style=\"border-top: 0px; border-right: 0px; background-image: none; border-bottom: 0px; float: none; padding-top: 0px; padding-left: 0px; margin: 0px auto 10px; border-left: 0px; display: block; padding-right: 0px\" border=\"0\" alt=\"Salo&aacute; Noticias\" src=\"http:\/\/www.saloanoticias.com\/v1\/wp-content\/uploads\/imagens\/salo-noticias_thumb_2ffd7b137d4a12960cb8444f5025ada2.jpg\" width=\"512\" height=\"384\"><\/a>Morreu hoje, aos 94 anos, o empres\u00e1rio J\u00falio Jacinto, uma verdadeira lenda no Agreste Meridional e no Estado de Pernambuco. <\/font><font size=\"3\" face=\"Arial\">Natural do S\u00edtio Piado, em Capoeiras, Seu J\u00falio teve muitos irm\u00e3os e irm\u00e3s, dentre eles Manoel (Neco), Noel, Jos\u00e9, Zari\u00e9, Henrique, Ant\u00f4nio, Gercina, Maria, Ol\u00edvia e Otac\u00edlia. Os pais do empres\u00e1rio, Manoel e Salustiana eram agricultores e criavam gado em Capoeiras. <\/font><font size=\"3\" face=\"Arial\">Da pequeno lugar em que nasceu, ent\u00e3o um distrito de S\u00e3o Bento do Una, J\u00falio Jacinto se estabeleceu em Garanhuns e instalou a F\u00e1brica de Vinho Galv\u00e3o, que foi um sucesso.<\/font> <\/p>\n<p align=\"justify\"><font size=\"3\" face=\"Arial\">O empres\u00e1rio passou a vender a bebida para todo Nordeste e outras partes do Brasil, levando o nome de Garanhuns bem longe. <\/font><font size=\"3\" face=\"Arial\">Passou a ser um homem bem sucedido na vida e chegou a ter seis grandes fazendas, al\u00e9m dos outros neg\u00f3cios. <\/font><font size=\"3\" face=\"Arial\">J\u00falio fez hist\u00f3ria na regi\u00e3o e era conhecido por pessoas de diferentes gera\u00e7\u00f5es. Bem humorado, gostava de festas e para ele parecia n\u00e3o existir tempo ruim. <\/font><font size=\"3\" face=\"Arial\">Dos seus filhos, Ivoneide Melo &#8211; uma das mulheres mais bonitas da cidade &#8211; externou hoje numa rede social a sua dor com a partida do pai. \u201cO homem mais importante de minha vida\u201d, lamentou.<\/font><\/p>\n<p align=\"justify\"><font size=\"3\" face=\"Arial\">Al\u00e9m de Ivoneide, Seu J\u00falio teve os filhos Vav\u00e1 (que morreu mo\u00e7o), Ivonete e Ivanda. <\/font><font size=\"3\" face=\"Arial\">O corpo de &#8220;Seu&#8221; J\u00falio est\u00e1 sendo velado na Funer\u00e1ria Suissa, de onde sair\u00e1 o f\u00e9retro \u00e0s 10 da manh\u00e3 dessa sexta 4 de setembro para o Cemit\u00e9rio de S\u00e3o Miguel.<\/font><\/p>\n<p align=\"justify\"><font size=\"3\" face=\"Arial\"><font size=\"3\" face=\"Arial\"><strong>HIST\u00d3RIA EM SALO\u00c1<\/strong>: J\u00falio Jacinto foi uma figura bastante presente em Salo\u00e1, era muito amigo do ex-deputado Manoel Ricardo e sempre estava na cidade, inclusive, patrocinava as vaquejadas no munic\u00edpio. Com certeza era um amigo dos saloaenses.<\/font>&nbsp;<\/font><b><font size=\"3\" face=\"Arial\">*Foto postada no Facebook por Ivoneide Melo. Com informa\u00e7\u00f5es do Blog do Roberto Almeida<\/font><\/b><\/p>\n<div style=\"margin-top: 0px; margin-bottom: 0px;\" class=\"sharethis-inline-share-buttons\" ><\/div>","protected":false},"excerpt":{"rendered":"<p>Morreu hoje, aos 94 anos, o empres\u00e1rio J\u00falio Jacinto, uma verdadeira lenda no Agreste Meridional e no Estado de Pernambuco. Natural do S\u00edtio Piado, em Capoeiras, Seu J\u00falio teve muitos irm\u00e3os e irm\u00e3s, dentre eles Manoel (Neco), Noel, Jos\u00e9, Zari\u00e9, Henrique, Ant\u00f4nio, Gercina, Maria, Ol\u00edvia e Otac\u00edlia. Os pais do empres\u00e1rio, Manoel e Salustiana eram [&hellip;]<\/p>\n","protected":false},"author":1,"featured_media":0,"comment_status":"open","ping_status":"open","sticky":false,"template":"","format":"standard","meta":{"footnotes":""},"categories":[2],"tags":[],"class_list":["post-2080","post","type-post","status-publish","format-standard","hentry","category-noticias-do-dia"],"_links":{"self":[{"href":"https:\/\/www.saloanoticias.com\/v1\/wp-json\/wp\/v2\/posts\/2080","targetHints":{"allow":["GET"]}}],"collection":[{"href":"https:\/\/www.saloanoticias.com\/v1\/wp-json\/wp\/v2\/posts"}],"about":[{"href":"https:\/\/www.saloanoticias.com\/v1\/wp-json\/wp\/v2\/types\/post"}],"author":[{"embeddable":true,"href":"https:\/\/www.saloanoticias.com\/v1\/wp-json\/wp\/v2\/users\/1"}],"replies":[{"embeddable":true,"href":"https:\/\/www.saloanoticias.com\/v1\/wp-json\/wp\/v2\/comments?post=2080"}],"version-history":[{"count":0,"href":"https:\/\/www.saloanoticias.com\/v1\/wp-json\/wp\/v2\/posts\/2080\/revisions"}],"wp:attachment":[{"href":"https:\/\/www.saloanoticias.com\/v1\/wp-json\/wp\/v2\/media?parent=2080"}],"wp:term":[{"taxonomy":"category","embeddable":true,"href":"https:\/\/www.saloanoticias.com\/v1\/wp-json\/wp\/v2\/categories?post=2080"},{"taxonomy":"post_tag","embeddable":true,"href":"https:\/\/www.saloanoticias.com\/v1\/wp-json\/wp\/v2\/tags?post=2080"}],"curies":[{"name":"wp","href":"https:\/\/api.w.org\/{rel}","templated":true}]}}