{"id":2078,"date":"2015-09-03T13:40:00","date_gmt":"2015-09-03T13:40:00","guid":{"rendered":"https:\/\/saloanoticias.mrmediaweb.com\/v1\/2015\/09\/03\/prefeitura-entrega-tres-veiculos-novos-a-populacao-de-saloa\/"},"modified":"2015-09-03T13:40:00","modified_gmt":"2015-09-03T13:40:00","slug":"prefeitura-entrega-tres-veiculos-novos-a-populacao-de-saloa","status":"publish","type":"post","link":"https:\/\/www.saloanoticias.com\/v1\/prefeitura-entrega-tres-veiculos-novos-a-populacao-de-saloa\/","title":{"rendered":"PREFEITURA DE SALO\u00c1\/PE ENTREGOU TR\u00caS VE\u00cdCULOS NOVOS PARA A POPULA\u00c7\u00c3O"},"content":{"rendered":"<p align=\"justify\"><font size=\"3\" face=\"Arial\"><a href=\"http:\/\/www.saloanoticias.com\/images\/salo-noticias_35fae20254af4c30deaf3f65302394d4.jpg\"><img loading=\"lazy\" decoding=\"async\" title=\"Salo&aacute; Noticias\" style=\"border-top: 0px; border-right: 0px; background-image: none; border-bottom: 0px; float: none; padding-top: 0px; padding-left: 0px; margin-left: auto; border-left: 0px; display: block; padding-right: 0px; margin-right: auto\" border=\"0\" alt=\"Salo&aacute; Noticias\" src=\"http:\/\/www.saloanoticias.com\/v1\/wp-content\/uploads\/imagens\/salo-noticias_thumb_81ef28b58c32dc3b77cae4af93a125a1.jpg\" width=\"611\" height=\"390\"><\/a>A prefeitura municipal de Salo\u00e1\/PE entregou na manh\u00e3 desta quarta-feira, dia 02 de setembro de 2015, mais tr\u00eas ve\u00edculos 0km para a popula\u00e7\u00e3o, dentre eles, uma ambul\u00e2ncia para o Hospital Josina Godoy, um gol para d\u00e1 suporte aos trabalhos do bolsa fam\u00edlia e outro para a secretaria de educa\u00e7\u00e3o. Na gest\u00e3o do prefeito Ricardo a frota de ve\u00edculos velhos do munic\u00edpio foi totalmente substitu\u00edda por novos, demonstrando o compromisso com o seu povo, dando mais qualidade aos que necessitam destes servi\u00e7os de transporte.<\/font><\/p>\n<p align=\"justify\"><a href=\"http:\/\/www.saloanoticias.com\/images\/salo-notcias_25002a3701f365340ddc400fd2169cb4.jpg\"><img loading=\"lazy\" decoding=\"async\" title=\"Salo&aacute; Not&iacute;cias\" style=\"border-top: 0px; border-right: 0px; background-image: none; border-bottom: 0px; float: none; padding-top: 0px; padding-left: 0px; margin-left: auto; border-left: 0px; display: block; padding-right: 0px; margin-right: auto\" border=\"0\" alt=\"Salo&aacute; Not&iacute;cias\" src=\"http:\/\/www.saloanoticias.com\/v1\/wp-content\/uploads\/imagens\/salo-notcias_thumb_2087efb147e6db8b379a4b1e99ac66b8.jpg\" width=\"611\" height=\"397\"><\/a><\/p>\n<p align=\"justify\"><font size=\"3\" face=\"Arial\">Vale destacar que essas aquisi\u00e7\u00f5es foram todas com recursos pr\u00f3prios da municipalidade<\/font>. <font size=\"3\" face=\"Arial\">Os tr\u00eas novos ve\u00edculos foram apresentados ao povo na manh\u00e3 de ontem (02) e contou com um desfile pelas principais ruas da cidade. Logo ap\u00f3s a entregue os carros foram destinados as suas respectivas secretarias para serem usados de imediato, afinal de contas, os ve\u00edculos s\u00e3o para servir aos saloaenses.<\/font><\/p>\n<p align=\"justify\"><a href=\"http:\/\/www.saloanoticias.com\/images\/1982356_892741477458087_6622537383281538501_n.jpg\"><img loading=\"lazy\" decoding=\"async\" title=\"1982356_892741477458087_6622537383281538501_n\" style=\"border-top: 0px; border-right: 0px; background-image: none; border-bottom: 0px; float: none; padding-top: 0px; padding-left: 0px; margin-left: auto; border-left: 0px; display: block; padding-right: 0px; margin-right: auto\" border=\"0\" alt=\"1982356_892741477458087_6622537383281538501_n\" src=\"http:\/\/www.saloanoticias.com\/v1\/wp-content\/uploads\/imagens\/1982356_892741477458087_6622537383281538501_n_thumb.jpg\" width=\"617\" height=\"396\"><\/a><\/p>\n<div style=\"margin-top: 0px; margin-bottom: 0px;\" class=\"sharethis-inline-share-buttons\" ><\/div>","protected":false},"excerpt":{"rendered":"<p>A prefeitura municipal de Salo\u00e1\/PE entregou na manh\u00e3 desta quarta-feira, dia 02 de setembro de 2015, mais tr\u00eas ve\u00edculos 0km para a popula\u00e7\u00e3o, dentre eles, uma ambul\u00e2ncia para o Hospital Josina Godoy, um gol para d\u00e1 suporte aos trabalhos do bolsa fam\u00edlia e outro para a secretaria de educa\u00e7\u00e3o. Na gest\u00e3o do prefeito Ricardo a [&hellip;]<\/p>\n","protected":false},"author":1,"featured_media":0,"comment_status":"open","ping_status":"open","sticky":false,"template":"","format":"standard","meta":{"footnotes":""},"categories":[2],"tags":[],"class_list":["post-2078","post","type-post","status-publish","format-standard","hentry","category-noticias-do-dia"],"_links":{"self":[{"href":"https:\/\/www.saloanoticias.com\/v1\/wp-json\/wp\/v2\/posts\/2078","targetHints":{"allow":["GET"]}}],"collection":[{"href":"https:\/\/www.saloanoticias.com\/v1\/wp-json\/wp\/v2\/posts"}],"about":[{"href":"https:\/\/www.saloanoticias.com\/v1\/wp-json\/wp\/v2\/types\/post"}],"author":[{"embeddable":true,"href":"https:\/\/www.saloanoticias.com\/v1\/wp-json\/wp\/v2\/users\/1"}],"replies":[{"embeddable":true,"href":"https:\/\/www.saloanoticias.com\/v1\/wp-json\/wp\/v2\/comments?post=2078"}],"version-history":[{"count":0,"href":"https:\/\/www.saloanoticias.com\/v1\/wp-json\/wp\/v2\/posts\/2078\/revisions"}],"wp:attachment":[{"href":"https:\/\/www.saloanoticias.com\/v1\/wp-json\/wp\/v2\/media?parent=2078"}],"wp:term":[{"taxonomy":"category","embeddable":true,"href":"https:\/\/www.saloanoticias.com\/v1\/wp-json\/wp\/v2\/categories?post=2078"},{"taxonomy":"post_tag","embeddable":true,"href":"https:\/\/www.saloanoticias.com\/v1\/wp-json\/wp\/v2\/tags?post=2078"}],"curies":[{"name":"wp","href":"https:\/\/api.w.org\/{rel}","templated":true}]}}