{"id":2077,"date":"2015-09-02T23:12:40","date_gmt":"2015-09-02T23:12:40","guid":{"rendered":"https:\/\/saloanoticias.mrmediaweb.com\/v1\/2015\/09\/02\/sindicato-de-saloa-realizara-assembleia-geral-no-proximo-dia-14-de-setembro\/"},"modified":"2015-09-02T23:12:40","modified_gmt":"2015-09-02T23:12:40","slug":"sindicato-de-saloa-realizara-assembleia-geral-no-proximo-dia-14-de-setembro","status":"publish","type":"post","link":"https:\/\/www.saloanoticias.com\/v1\/sindicato-de-saloa-realizara-assembleia-geral-no-proximo-dia-14-de-setembro\/","title":{"rendered":"SINDICATO DOS TRABALHADORES RURAIS DE SALO\u00c1 REALIZAR\u00c1 ASSEMBLEIA GERAL NO PR\u00d3XIMO DIA 14 DE SETEMBRO"},"content":{"rendered":"<p align=\"justify\"><font size=\"3\" face=\"Arial\"><a href=\"http:\/\/www.saloanoticias.com\/images\/str-salo_0058e13ca0134dbc9cde4e02692b36d5.jpg\"><img loading=\"lazy\" decoding=\"async\" title=\"STR Salo&aacute;\" style=\"border-top: 0px; border-right: 0px; background-image: none; border-bottom: 0px; float: left; padding-top: 0px; padding-left: 0px; margin: 5px 5px 0px 0px; border-left: 0px; display: inline; padding-right: 0px\" border=\"0\" alt=\"STR Salo&aacute;\" src=\"http:\/\/www.saloanoticias.com\/v1\/wp-content\/uploads\/imagens\/str-salo_thumb_dbfd0443fe2c52f43ad382b51259bb25.jpg\" width=\"263\" align=\"left\" height=\"173\"><\/a>Acontecer\u00e1 no pr\u00f3ximo dia 14 de setembro de 2015, \u00e0s 9:30 horas, mais uma Assembleia Geral Extraordin\u00e1ria, que ser\u00e1 realizada pelo STR, Sindicato dos Trabalhadores Rurais de Salo\u00e1\/PE, na sede do \u00f3rg\u00e3o. Ser\u00e3o tratados assuntos de interesse dos associados. A abertura ter\u00e1 a presen\u00e7a do cantor evang\u00e9lico Armand\u00e3o e ser\u00e3o apresentadas as contas da despesa da reforma do sal\u00e3o de reuni\u00f5es do STR, apresenta\u00e7\u00e3o da CUT, apresenta\u00e7\u00e3o da \u00d3tica Diniz, carteira do STR, licen\u00e7a de Lucl\u00e9cia e ratifica\u00e7\u00f5es dos substitutos.<\/font><\/p>\n<p align=\"justify\"><font size=\"3\" face=\"Arial\">Inaugura\u00e7\u00e3o e entrega do restante do car\u00e1cter da produ\u00e7\u00e3o rural da FETAPE, distribui\u00e7\u00e3o de brindes e encerramento das atividades com lanches para os presentes. Foram convidados para estar nesta reuni\u00e3o o Banco do Nordeste, \u00d3ticas Diniz, Marcos In\u00e1cio Advocacia, Banco do Brasil, Prefeitura de Salo\u00e1, Conselho Municipal de Sa\u00fade, Conselho de Educa\u00e7\u00e3o, Conselho de Assist\u00eancia Social, Adolfo Lutz, C\u00e2mara dos Vereadores, Carlos Veras da CUT e outras associa\u00e7\u00f5es comunit\u00e1rias.<\/font><\/p>\n<p align=\"justify\"><font size=\"3\" face=\"Arial\">O STR de Salo\u00e1 fica localizado na Rua Dom Expedido Lopes, no centro da cidade. Fone (87) 3782-1106.<\/font><\/p>\n<div style=\"margin-top: 0px; margin-bottom: 0px;\" class=\"sharethis-inline-share-buttons\" ><\/div>","protected":false},"excerpt":{"rendered":"<p>Acontecer\u00e1 no pr\u00f3ximo dia 14 de setembro de 2015, \u00e0s 9:30 horas, mais uma Assembleia Geral Extraordin\u00e1ria, que ser\u00e1 realizada pelo STR, Sindicato dos Trabalhadores Rurais de Salo\u00e1\/PE, na sede do \u00f3rg\u00e3o. Ser\u00e3o tratados assuntos de interesse dos associados. A abertura ter\u00e1 a presen\u00e7a do cantor evang\u00e9lico Armand\u00e3o e ser\u00e3o apresentadas as contas da despesa [&hellip;]<\/p>\n","protected":false},"author":1,"featured_media":0,"comment_status":"open","ping_status":"open","sticky":false,"template":"","format":"standard","meta":{"footnotes":""},"categories":[2],"tags":[],"class_list":["post-2077","post","type-post","status-publish","format-standard","hentry","category-noticias-do-dia"],"_links":{"self":[{"href":"https:\/\/www.saloanoticias.com\/v1\/wp-json\/wp\/v2\/posts\/2077","targetHints":{"allow":["GET"]}}],"collection":[{"href":"https:\/\/www.saloanoticias.com\/v1\/wp-json\/wp\/v2\/posts"}],"about":[{"href":"https:\/\/www.saloanoticias.com\/v1\/wp-json\/wp\/v2\/types\/post"}],"author":[{"embeddable":true,"href":"https:\/\/www.saloanoticias.com\/v1\/wp-json\/wp\/v2\/users\/1"}],"replies":[{"embeddable":true,"href":"https:\/\/www.saloanoticias.com\/v1\/wp-json\/wp\/v2\/comments?post=2077"}],"version-history":[{"count":0,"href":"https:\/\/www.saloanoticias.com\/v1\/wp-json\/wp\/v2\/posts\/2077\/revisions"}],"wp:attachment":[{"href":"https:\/\/www.saloanoticias.com\/v1\/wp-json\/wp\/v2\/media?parent=2077"}],"wp:term":[{"taxonomy":"category","embeddable":true,"href":"https:\/\/www.saloanoticias.com\/v1\/wp-json\/wp\/v2\/categories?post=2077"},{"taxonomy":"post_tag","embeddable":true,"href":"https:\/\/www.saloanoticias.com\/v1\/wp-json\/wp\/v2\/tags?post=2077"}],"curies":[{"name":"wp","href":"https:\/\/api.w.org\/{rel}","templated":true}]}}