{"id":2076,"date":"2015-09-02T00:42:21","date_gmt":"2015-09-02T00:42:21","guid":{"rendered":"https:\/\/saloanoticias.mrmediaweb.com\/v1\/2015\/09\/02\/ricardo-alves-e-recebido-pelo-governador-paulo-camara-nesta-terca-1\/"},"modified":"2015-09-02T00:42:21","modified_gmt":"2015-09-02T00:42:21","slug":"ricardo-alves-e-recebido-pelo-governador-paulo-camara-nesta-terca-1","status":"publish","type":"post","link":"https:\/\/www.saloanoticias.com\/v1\/ricardo-alves-e-recebido-pelo-governador-paulo-camara-nesta-terca-1\/","title":{"rendered":"RICARDO FOI RECEBIDO PELO GOVERNADOR PAULO C\u00c2MARA NESTA TER\u00c7A (1)"},"content":{"rendered":"<p align=\"justify\"><font size=\"3\" face=\"Arial\"><a href=\"http:\/\/www.saloanoticias.com\/images\/salo-noticias_088b890052103525dcc6cdf18ec4c7f0.jpg\"><img loading=\"lazy\" decoding=\"async\" title=\"Salo&aacute; Noticias\" style=\"border-left-width: 0px; border-right-width: 0px; background-image: none; border-bottom-width: 0px; float: none; padding-top: 0px; padding-left: 0px; margin: 0px auto 10px; display: block; padding-right: 0px; border-top-width: 0px\" border=\"0\" alt=\"Salo&aacute; Noticias\" src=\"http:\/\/www.saloanoticias.com\/v1\/wp-content\/uploads\/imagens\/salo-noticias_thumb_eff3440e34b640cf57f10e7cff51b0c0.jpg\" width=\"646\" height=\"428\"><\/a>Durante a visita que fez a Salo\u00e1 na \u00faltima sexta-feira, o deputado federal e secret\u00e1rio de planejamento e gest\u00e3o, Danilo Cabral (PSB), articulou uma reuni\u00e3o, no Recife, com o governador Paulo C\u00e2mara e o prefeito Ricardo Alves. Ent\u00e3o, o gestor e o secret\u00e1rio estiveram hoje (1) no Pal\u00e1cio do Campo das Princesas, para tratar sobre a\u00e7\u00f5es voltadas para a melhoria da qualidade de vida da popula\u00e7\u00e3o do munic\u00edpio. O secret\u00e1rio da Casa Civil, Ant\u00f4nio Figueira, tamb\u00e9m participou do encontro.<\/font><\/p>\n<p align=\"justify\"><a href=\"http:\/\/www.saloanoticias.com\/images\/salo-notcias_38d2b53c68cc203fb7b09cb0f8c47e8a.jpg\"><img loading=\"lazy\" decoding=\"async\" title=\"Salo&aacute; Not&iacute;cias\" style=\"border-left-width: 0px; border-right-width: 0px; background-image: none; border-bottom-width: 0px; float: none; padding-top: 0px; padding-left: 0px; margin-left: auto; display: block; padding-right: 0px; border-top-width: 0px; margin-right: auto\" border=\"0\" alt=\"Salo&aacute; Not&iacute;cias\" src=\"http:\/\/www.saloanoticias.com\/v1\/wp-content\/uploads\/imagens\/salo-notcias_thumb_dbaef8b0f29a9ed88e2ff1199cea1c39.jpg\" width=\"648\" height=\"430\"><\/a><\/p>\n<p align=\"justify\"><font size=\"3\" face=\"Arial\">Na conversa o prefeito reivindicou ainda mais a\u00e7\u00f5es para sua cidade e teve o apoio do secret\u00e1rio Danilo Cabral. Com mais esta visita, o prefeito continua demonstrando o seu prest\u00edgio junto as maiores lideran\u00e7as e autoridades pol\u00edticas do estado de Pernambuco, e tem conseguido a cada dia trazer mais benef\u00edcios para os seus conterr\u00e2neos. Com o apoio do secret\u00e1rio Danilo e do governador Paulo C\u00e2mara, Salo\u00e1 est\u00e1 andando a passos largos rumo ao maior desenvolvimento de sua hist\u00f3ria.<\/font><\/p>\n<div style=\"margin-top: 0px; margin-bottom: 0px;\" class=\"sharethis-inline-share-buttons\" ><\/div>","protected":false},"excerpt":{"rendered":"<p>Durante a visita que fez a Salo\u00e1 na \u00faltima sexta-feira, o deputado federal e secret\u00e1rio de planejamento e gest\u00e3o, Danilo Cabral (PSB), articulou uma reuni\u00e3o, no Recife, com o governador Paulo C\u00e2mara e o prefeito Ricardo Alves. Ent\u00e3o, o gestor e o secret\u00e1rio estiveram hoje (1) no Pal\u00e1cio do Campo das Princesas, para tratar sobre [&hellip;]<\/p>\n","protected":false},"author":1,"featured_media":0,"comment_status":"open","ping_status":"open","sticky":false,"template":"","format":"standard","meta":{"footnotes":""},"categories":[2],"tags":[],"class_list":["post-2076","post","type-post","status-publish","format-standard","hentry","category-noticias-do-dia"],"_links":{"self":[{"href":"https:\/\/www.saloanoticias.com\/v1\/wp-json\/wp\/v2\/posts\/2076","targetHints":{"allow":["GET"]}}],"collection":[{"href":"https:\/\/www.saloanoticias.com\/v1\/wp-json\/wp\/v2\/posts"}],"about":[{"href":"https:\/\/www.saloanoticias.com\/v1\/wp-json\/wp\/v2\/types\/post"}],"author":[{"embeddable":true,"href":"https:\/\/www.saloanoticias.com\/v1\/wp-json\/wp\/v2\/users\/1"}],"replies":[{"embeddable":true,"href":"https:\/\/www.saloanoticias.com\/v1\/wp-json\/wp\/v2\/comments?post=2076"}],"version-history":[{"count":0,"href":"https:\/\/www.saloanoticias.com\/v1\/wp-json\/wp\/v2\/posts\/2076\/revisions"}],"wp:attachment":[{"href":"https:\/\/www.saloanoticias.com\/v1\/wp-json\/wp\/v2\/media?parent=2076"}],"wp:term":[{"taxonomy":"category","embeddable":true,"href":"https:\/\/www.saloanoticias.com\/v1\/wp-json\/wp\/v2\/categories?post=2076"},{"taxonomy":"post_tag","embeddable":true,"href":"https:\/\/www.saloanoticias.com\/v1\/wp-json\/wp\/v2\/tags?post=2076"}],"curies":[{"name":"wp","href":"https:\/\/api.w.org\/{rel}","templated":true}]}}